{"id":63123,"date":"2023-01-26T17:30:16","date_gmt":"2023-01-26T16:30:16","guid":{"rendered":"https:\/\/podcast.rs\/?p=63123"},"modified":"2023-01-26T20:22:59","modified_gmt":"2023-01-26T18:22:59","slug":"rasizam-u-njemackoj-kako-ga-prepoznati","status":"publish","type":"post","link":"https:\/\/podcast.rs\/en\/rasizam-u-njemackoj-kako-ga-prepoznati\/","title":{"rendered":"Rasizam u Njema\u010dkoj: Kako ga prepoznati?"},"content":{"rendered":"<p>      Razli\u010ditost je realnost ali mora postati normalnost jer \u201erasizam u Njema\u010dkoj je sveprisutan\u201c poru\u010duje Reem Alabali-Radovan, povjerenica vlade za integraciju. Ok, gdje ta\u010dno i \u0161ta u\u010diniti protiv njega? Jer svaka peta osoba osjetila je rasizam na svojoj ko\u017ei, analizira Filip Slavkovi\u0107 vladinu studiju. Pitamo Dr. Ivu Krtali\u0107, nadle\u017enu za pitanja integracije u WDR-u, za\u0161to je te\u0161ko otkriti institucionalni i strukturni rasizam u Njema\u010dkoj? Mo\u017ee li se nesvjesno biti rasista, poma\u017ee li samokritika?<\/p>","protected":false},"excerpt":{"rendered":"<p>Razli\u010ditost je realnost ali mora postati normalnost jer \u201erasizam u Njema\u010dkoj je sveprisutan\u201c poru\u010duje Reem Alabali-Radovan, povjerenica vlade za integraciju. Ok, gdje ta\u010dno i \u0161ta u\u010diniti protiv njega? Jer svaka peta osoba osjetila je rasizam na svojoj ko\u017ei, analizira Filip Slavkovi\u0107 vladinu studiju. Pitamo Dr. Ivu Krtali\u0107, nadle\u017enu za pitanja integracije u WDR-u, za\u0161to je&#8230;<\/p>","protected":false},"author":3,"featured_media":48737,"comment_status":"close","ping_status":"closed","sticky":false,"template":"","format":"audio","meta":{"footnotes":""},"categories":[183],"tags":[],"class_list":["post-63123","post","type-post","status-publish","format-audio","has-post-thumbnail","hentry","category-cosmo","post_format-post-format-audio"],"_links":{"self":[{"href":"https:\/\/podcast.rs\/en\/wp-json\/wp\/v2\/posts\/63123","targetHints":{"allow":["GET"]}}],"collection":[{"href":"https:\/\/podcast.rs\/en\/wp-json\/wp\/v2\/posts"}],"about":[{"href":"https:\/\/podcast.rs\/en\/wp-json\/wp\/v2\/types\/post"}],"author":[{"embeddable":true,"href":"https:\/\/podcast.rs\/en\/wp-json\/wp\/v2\/users\/3"}],"replies":[{"embeddable":true,"href":"https:\/\/podcast.rs\/en\/wp-json\/wp\/v2\/comments?post=63123"}],"version-history":[{"count":1,"href":"https:\/\/podcast.rs\/en\/wp-json\/wp\/v2\/posts\/63123\/revisions"}],"predecessor-version":[{"id":63124,"href":"https:\/\/podcast.rs\/en\/wp-json\/wp\/v2\/posts\/63123\/revisions\/63124"}],"wp:featuredmedia":[{"embeddable":true,"href":"https:\/\/podcast.rs\/en\/wp-json\/wp\/v2\/media\/48737"}],"wp:attachment":[{"href":"https:\/\/podcast.rs\/en\/wp-json\/wp\/v2\/media?parent=63123"}],"wp:term":[{"taxonomy":"category","embeddable":true,"href":"https:\/\/podcast.rs\/en\/wp-json\/wp\/v2\/categories?post=63123"},{"taxonomy":"post_tag","embeddable":true,"href":"https:\/\/podcast.rs\/en\/wp-json\/wp\/v2\/tags?post=63123"}],"curies":[{"name":"wp","href":"https:\/\/api.w.org\/{rel}","templated":true}]}}