{"id":63054,"date":"2023-01-24T17:30:42","date_gmt":"2023-01-24T16:30:42","guid":{"rendered":"https:\/\/podcast.rs\/?p=63054"},"modified":"2023-01-24T20:23:33","modified_gmt":"2023-01-24T18:23:33","slug":"nacionalni-savet-nemaca-ocuvati-kulturu-tradiciju-i-identitet","status":"publish","type":"post","link":"https:\/\/podcast.rs\/en\/nacionalni-savet-nemaca-ocuvati-kulturu-tradiciju-i-identitet\/","title":{"rendered":"Nacionalni savet Nemaca &#8211; o\u010duvati kulturu, tradiciju i identitet"},"content":{"rendered":"<p>      Koje sve manjine \u017eive u Srbiji i koja prava imaju? Koliko Nacionalnih saveta ima, za\u0161to su oni va\u017eni i \u010dime se sve bave? Odgovore na to ali i va\u017enosti informisanja na \u010dak 16 jezika RTV Vojvodine, potra\u017eio je na\u0161 reporter Aleksandar Timofejev. Posebnu pa\u017enju posve\u0107ujemo Nacionalnom savetu nema\u010dke nacionalne manjine. Od predsednika tog saveta Mihaela Placa, \u010du\u0107emo kakav je odnos Srbije prema toj zajednici? Kakva je saradnja saveta nema\u010dke nacionalne manjine sa Nema\u010dkom, kao maticom?<\/p>","protected":false},"excerpt":{"rendered":"<p>Koje sve manjine \u017eive u Srbiji i koja prava imaju? Koliko Nacionalnih saveta ima, za\u0161to su oni va\u017eni i \u010dime se sve bave? Odgovore na to ali i va\u017enosti informisanja na \u010dak 16 jezika RTV Vojvodine, potra\u017eio je na\u0161 reporter Aleksandar Timofejev. Posebnu pa\u017enju posve\u0107ujemo Nacionalnom savetu nema\u010dke nacionalne manjine. Od predsednika tog saveta Mihaela&#8230;<\/p>","protected":false},"author":3,"featured_media":48737,"comment_status":"close","ping_status":"closed","sticky":false,"template":"","format":"audio","meta":{"footnotes":""},"categories":[183],"tags":[],"class_list":["post-63054","post","type-post","status-publish","format-audio","has-post-thumbnail","hentry","category-cosmo","post_format-post-format-audio"],"_links":{"self":[{"href":"https:\/\/podcast.rs\/en\/wp-json\/wp\/v2\/posts\/63054","targetHints":{"allow":["GET"]}}],"collection":[{"href":"https:\/\/podcast.rs\/en\/wp-json\/wp\/v2\/posts"}],"about":[{"href":"https:\/\/podcast.rs\/en\/wp-json\/wp\/v2\/types\/post"}],"author":[{"embeddable":true,"href":"https:\/\/podcast.rs\/en\/wp-json\/wp\/v2\/users\/3"}],"replies":[{"embeddable":true,"href":"https:\/\/podcast.rs\/en\/wp-json\/wp\/v2\/comments?post=63054"}],"version-history":[{"count":1,"href":"https:\/\/podcast.rs\/en\/wp-json\/wp\/v2\/posts\/63054\/revisions"}],"predecessor-version":[{"id":63055,"href":"https:\/\/podcast.rs\/en\/wp-json\/wp\/v2\/posts\/63054\/revisions\/63055"}],"wp:featuredmedia":[{"embeddable":true,"href":"https:\/\/podcast.rs\/en\/wp-json\/wp\/v2\/media\/48737"}],"wp:attachment":[{"href":"https:\/\/podcast.rs\/en\/wp-json\/wp\/v2\/media?parent=63054"}],"wp:term":[{"taxonomy":"category","embeddable":true,"href":"https:\/\/podcast.rs\/en\/wp-json\/wp\/v2\/categories?post=63054"},{"taxonomy":"post_tag","embeddable":true,"href":"https:\/\/podcast.rs\/en\/wp-json\/wp\/v2\/tags?post=63054"}],"curies":[{"name":"wp","href":"https:\/\/api.w.org\/{rel}","templated":true}]}}