{"id":62914,"date":"2023-01-20T17:30:48","date_gmt":"2023-01-20T16:30:48","guid":{"rendered":"https:\/\/podcast.rs\/?p=62914"},"modified":"2023-01-20T20:22:36","modified_gmt":"2023-01-20T18:22:36","slug":"ante-gelo-objavio-album-mara-tvoj-korzo-petkom","status":"publish","type":"post","link":"https:\/\/podcast.rs\/en\/ante-gelo-objavio-album-mara-tvoj-korzo-petkom\/","title":{"rendered":"Ante Gelo objavio album &#8222;Mara&#8220; &#8211; Tvoj Korzo petkom"},"content":{"rendered":"<p>      Svakog petka vodimo vas na muzi\u010dku Korzo \u0161etnju. Gost je Ante Gelo, jedan od najtra\u017eenijih hrvatskih gitarista, aran\u017eer i producent. \u201eDosta sam radio za druge i sad mi je do\u0161lo da napravim ne\u0161to za sebe, pravi gu\u0161t!\u201c. Nakon dve decenije rada sa brojnim poznatim muzi\u010darima nedavno objavio d\u017eez album prvenac \u201eMara\u201c. Iz Zagreba sti\u017eu novosti sa muzi\u010dke scene Hrvatske od Zorana Sto\u0161i\u0107a i uz to zanimljive pri\u010de o Massimu, Darku Rundeku i najopse\u017enijem muzi\u010dkom albumu na svetu koji sti\u017ee iz Slovenije.<\/p>","protected":false},"excerpt":{"rendered":"<p>Svakog petka vodimo vas na muzi\u010dku Korzo \u0161etnju. Gost je Ante Gelo, jedan od najtra\u017eenijih hrvatskih gitarista, aran\u017eer i producent. \u201eDosta sam radio za druge i sad mi je do\u0161lo da napravim ne\u0161to za sebe, pravi gu\u0161t!\u201c. Nakon dve decenije rada sa brojnim poznatim muzi\u010darima nedavno objavio d\u017eez album prvenac \u201eMara\u201c. Iz Zagreba sti\u017eu novosti&#8230;<\/p>","protected":false},"author":3,"featured_media":48737,"comment_status":"close","ping_status":"closed","sticky":false,"template":"","format":"audio","meta":{"footnotes":""},"categories":[183],"tags":[],"class_list":["post-62914","post","type-post","status-publish","format-audio","has-post-thumbnail","hentry","category-cosmo","post_format-post-format-audio"],"_links":{"self":[{"href":"https:\/\/podcast.rs\/en\/wp-json\/wp\/v2\/posts\/62914","targetHints":{"allow":["GET"]}}],"collection":[{"href":"https:\/\/podcast.rs\/en\/wp-json\/wp\/v2\/posts"}],"about":[{"href":"https:\/\/podcast.rs\/en\/wp-json\/wp\/v2\/types\/post"}],"author":[{"embeddable":true,"href":"https:\/\/podcast.rs\/en\/wp-json\/wp\/v2\/users\/3"}],"replies":[{"embeddable":true,"href":"https:\/\/podcast.rs\/en\/wp-json\/wp\/v2\/comments?post=62914"}],"version-history":[{"count":1,"href":"https:\/\/podcast.rs\/en\/wp-json\/wp\/v2\/posts\/62914\/revisions"}],"predecessor-version":[{"id":62915,"href":"https:\/\/podcast.rs\/en\/wp-json\/wp\/v2\/posts\/62914\/revisions\/62915"}],"wp:featuredmedia":[{"embeddable":true,"href":"https:\/\/podcast.rs\/en\/wp-json\/wp\/v2\/media\/48737"}],"wp:attachment":[{"href":"https:\/\/podcast.rs\/en\/wp-json\/wp\/v2\/media?parent=62914"}],"wp:term":[{"taxonomy":"category","embeddable":true,"href":"https:\/\/podcast.rs\/en\/wp-json\/wp\/v2\/categories?post=62914"},{"taxonomy":"post_tag","embeddable":true,"href":"https:\/\/podcast.rs\/en\/wp-json\/wp\/v2\/tags?post=62914"}],"curies":[{"name":"wp","href":"https:\/\/api.w.org\/{rel}","templated":true}]}}