{"id":62631,"date":"2023-01-12T17:30:00","date_gmt":"2023-01-12T16:30:00","guid":{"rendered":"https:\/\/podcast.rs\/?p=62631"},"modified":"2023-01-12T20:23:54","modified_gmt":"2023-01-12T18:23:54","slug":"srbija-i-kosovo-diplomatska-ofenziva-za-normalizaciju-odnosa","status":"publish","type":"post","link":"https:\/\/podcast.rs\/en\/srbija-i-kosovo-diplomatska-ofenziva-za-normalizaciju-odnosa\/","title":{"rendered":"Srbija i Kosovo &#8211; Diplomatska ofenziva za normalizaciju odnosa"},"content":{"rendered":"<p>      Kraj pro\u0161le godine na zapadnom Balkanu ponovno je bio u znaku napetosti izme\u0111u Srbije i Kosova zbog nerije\u0161enih odnosa ove dvije dr\u017eave. Iako dosada\u0161nji napori da se odnosi normaliziraju nisu urodili plodom, zapad pokre\u0107e novu diplomatsku ofenzivu za rje\u0161enje ovog politi\u010dko-sigurnosnog problema. O tomu danas razgovaramo izme\u0111u ostalog i s Dragi\u0161om Mija\u010di\u0107em, koordinatorom radne grupe za pregovore Srbije i Europske unije za poglavlje 35.\u00a0<\/p>","protected":false},"excerpt":{"rendered":"<p>Kraj pro\u0161le godine na zapadnom Balkanu ponovno je bio u znaku napetosti izme\u0111u Srbije i Kosova zbog nerije\u0161enih odnosa ove dvije dr\u017eave. Iako dosada\u0161nji napori da se odnosi normaliziraju nisu urodili plodom, zapad pokre\u0107e novu diplomatsku ofenzivu za rje\u0161enje ovog politi\u010dko-sigurnosnog problema. O tomu danas razgovaramo izme\u0111u ostalog i s Dragi\u0161om Mija\u010di\u0107em, koordinatorom radne grupe&#8230;<\/p>","protected":false},"author":3,"featured_media":48737,"comment_status":"close","ping_status":"closed","sticky":false,"template":"","format":"audio","meta":{"footnotes":""},"categories":[183],"tags":[],"class_list":["post-62631","post","type-post","status-publish","format-audio","has-post-thumbnail","hentry","category-cosmo","post_format-post-format-audio"],"_links":{"self":[{"href":"https:\/\/podcast.rs\/en\/wp-json\/wp\/v2\/posts\/62631","targetHints":{"allow":["GET"]}}],"collection":[{"href":"https:\/\/podcast.rs\/en\/wp-json\/wp\/v2\/posts"}],"about":[{"href":"https:\/\/podcast.rs\/en\/wp-json\/wp\/v2\/types\/post"}],"author":[{"embeddable":true,"href":"https:\/\/podcast.rs\/en\/wp-json\/wp\/v2\/users\/3"}],"replies":[{"embeddable":true,"href":"https:\/\/podcast.rs\/en\/wp-json\/wp\/v2\/comments?post=62631"}],"version-history":[{"count":1,"href":"https:\/\/podcast.rs\/en\/wp-json\/wp\/v2\/posts\/62631\/revisions"}],"predecessor-version":[{"id":62632,"href":"https:\/\/podcast.rs\/en\/wp-json\/wp\/v2\/posts\/62631\/revisions\/62632"}],"wp:featuredmedia":[{"embeddable":true,"href":"https:\/\/podcast.rs\/en\/wp-json\/wp\/v2\/media\/48737"}],"wp:attachment":[{"href":"https:\/\/podcast.rs\/en\/wp-json\/wp\/v2\/media?parent=62631"}],"wp:term":[{"taxonomy":"category","embeddable":true,"href":"https:\/\/podcast.rs\/en\/wp-json\/wp\/v2\/categories?post=62631"},{"taxonomy":"post_tag","embeddable":true,"href":"https:\/\/podcast.rs\/en\/wp-json\/wp\/v2\/tags?post=62631"}],"curies":[{"name":"wp","href":"https:\/\/api.w.org\/{rel}","templated":true}]}}