{"id":625791,"date":"2025-11-29T07:00:00","date_gmt":"2025-11-29T05:00:00","guid":{"rendered":"https:\/\/podcast.rs\/jasmina-lazic-106-000-koraka-do-novog-sada\/"},"modified":"2025-11-29T07:00:00","modified_gmt":"2025-11-29T05:00:00","slug":"jasmina-lazic-106-000-koraka-do-novog-sada","status":"publish","type":"post","link":"https:\/\/podcast.rs\/en\/jasmina-lazic-106-000-koraka-do-novog-sada\/","title":{"rendered":"Jasmina Lazi\u0107 &#8211; 106.000 koraka do Novog Sada"},"content":{"rendered":"<p>&#8222;106.000 koraka do Novog Sada&#8220; je pri\u010da o putu koji je vi\u0161e od fizi\u010dkog napora. Godinu dana nakon smrtonosnog uru\u0161avanja nadstre\u0161nice, novinarka Katarina Stevanovi\u0107 ponovo prati kolonu studenata koji pe\u0161ice prelaze 80 kilometara do mesta tragedije. Kroz umor, \u017euljeve i li\u010dna iskustva sukoba sa policijom, Katarina snima ne samo protest, ve\u0107 i maraton ljudskosti i upornog traganja za odgovorima koje vlast odbija da da. Ovo je duboko li\u010dan narativ o gra\u0111anskom anga\u017emanu i ceni istine.<\/p>\n<\/p>\n<p>Ovu pri\u010du nam je ispri\u010dala Jasmina Lazi\u0107. Ako i vi imate pri\u010du koju \u017eelite da podelite ili pri\u010du iz va\u0161e zajednice, po\u0161aljite nam je. Posetite sajt nasaposla.rs, popunite formular i javite nam se. Va\u0161a pri\u010da mo\u017ee da inspiri\u0161e druge. Pratite nas na dru\u0161tvenim mre\u017eama kako ne biste propustili nijednu epizodu. Hvala vam \u0161to ste slu\u0161ali &#8216;Na\u0161a posla&#8217;.\u00a0<\/p>\n<\/p>\n<p>Autorka: Jasmina Lazi\u0107<\/p>\n<p>Voditelj i urednik: Vladimir Radinovi\u0107<\/p>\n<p>Dizajn zvuka: Dejan Tomka<\/p>\n<p>Organizacija: Andrija Stojanovi\u0107\u00a0<\/p>\n<p>Produkcija: VisionsHQ<\/p>\n<\/p>\n<p>Podr\u017ei: <\/p>\n<p><a href=\"https:\/\/www.patreon.com\/Nasaposla\" rel=\"nofollow\">https:\/\/www.patreon.com\/Nasaposla<\/a><\/p>\n<\/p>\n<p>Zaprati:<\/p>\n<p><a href=\"http:\/\/www.instagram.com\/nasaposlapodkast\">\u2060www.instagram.com\/nasaposlapodkast\u2060<\/a><\/p>\n<p><a href=\"https:\/\/podcast.rs\/en\/\" rel=\"nofollow\">https:\/\/www.podcast.rs\/<\/a><\/p>\n<p><a href=\"https:\/\/www.visionshq.com\/\" rel=\"nofollow\">https:\/\/www.visionshq.com\/<\/a><\/p>\n<\/p>\n<p>Vi\u0161e informacija:<\/p>\n<p><a href=\"https:\/\/www.nasaposla.rs\/\" rel=\"nofollow\">https:\/\/www.nasaposla.rs\/<\/a><\/p>","protected":false},"excerpt":{"rendered":"<p>&#8222;106.000 koraka do Novog Sada&#8220; je pri\u010da o putu koji je vi\u0161e od fizi\u010dkog napora. Godinu dana nakon smrtonosnog uru\u0161avanja nadstre\u0161nice, novinarka Katarina Stevanovi\u0107 ponovo prati kolonu studenata koji pe\u0161ice prelaze 80 kilometara do mesta tragedije. Kroz umor, \u017euljeve i li\u010dna iskustva sukoba sa policijom, Katarina snima ne samo protest, ve\u0107 i maraton ljudskosti i&#8230;<\/p>","protected":false},"author":4,"featured_media":625796,"comment_status":"","ping_status":"closed","sticky":false,"template":"","format":"standard","meta":{"footnotes":""},"categories":[685],"tags":[],"class_list":["post-625791","post","type-post","status-publish","format-standard","has-post-thumbnail","hentry","category-nasa-posla"],"_links":{"self":[{"href":"https:\/\/podcast.rs\/en\/wp-json\/wp\/v2\/posts\/625791","targetHints":{"allow":["GET"]}}],"collection":[{"href":"https:\/\/podcast.rs\/en\/wp-json\/wp\/v2\/posts"}],"about":[{"href":"https:\/\/podcast.rs\/en\/wp-json\/wp\/v2\/types\/post"}],"author":[{"embeddable":true,"href":"https:\/\/podcast.rs\/en\/wp-json\/wp\/v2\/users\/4"}],"replies":[{"embeddable":true,"href":"https:\/\/podcast.rs\/en\/wp-json\/wp\/v2\/comments?post=625791"}],"version-history":[{"count":0,"href":"https:\/\/podcast.rs\/en\/wp-json\/wp\/v2\/posts\/625791\/revisions"}],"wp:featuredmedia":[{"embeddable":true,"href":"https:\/\/podcast.rs\/en\/wp-json\/wp\/v2\/media\/625796"}],"wp:attachment":[{"href":"https:\/\/podcast.rs\/en\/wp-json\/wp\/v2\/media?parent=625791"}],"wp:term":[{"taxonomy":"category","embeddable":true,"href":"https:\/\/podcast.rs\/en\/wp-json\/wp\/v2\/categories?post=625791"},{"taxonomy":"post_tag","embeddable":true,"href":"https:\/\/podcast.rs\/en\/wp-json\/wp\/v2\/tags?post=625791"}],"curies":[{"name":"wp","href":"https:\/\/api.w.org\/{rel}","templated":true}]}}