{"id":625365,"date":"2025-11-28T11:42:37","date_gmt":"2025-11-28T09:42:37","guid":{"rendered":"https:\/\/podcast.rs\/koliko-nas-zapravo-kosta-telefon-u-vremenu-paznji-i-fokusu\/"},"modified":"2025-11-28T11:42:37","modified_gmt":"2025-11-28T09:42:37","slug":"koliko-nas-zapravo-kosta-telefon-u-vremenu-paznji-i-fokusu","status":"publish","type":"post","link":"https:\/\/podcast.rs\/en\/koliko-nas-zapravo-kosta-telefon-u-vremenu-paznji-i-fokusu\/","title":{"rendered":"Koliko nas zapravo ko\u0161ta telefon \u2014 u vremenu, pa\u017enji i fokusu"},"content":{"rendered":"<p>\ud83c\udfa7 Koliko nas zapravo ko\u0161ta telefon \u2014 u vremenu, pa\u017enji i fokusu | TeleSrbija podcast \ud83c\udfa7 <\/p>\n<p>Koliko nas zapravo ko\u0161ta telefon? Ne mislimo samo na cenu u dinarima, ve\u0107 na one skrivene tro\u0161kove koje retko ra\u010dunamo \u2014 vreme, pa\u017enju, koncentraciju i energiju. <\/p>\n<p>U ovoj epizodi bavimo se time koliko \u010desto proveravamo telefon, kako nam postaje \u201eprodu\u017eena ruka\u201d i koliko nas to ko\u0161ta u produktivnosti i fokusu. <\/p>\n<p>Pri\u010damo i o tome koliko vremena provedenog na telefonu je zapravo korisno, a koliko odlazi na autopilotu \u2014 skrol, notifikacije, prebacivanje sa aplikacije na aplikaciju. <\/p>\n<p>Razgovaramo i o svim dodatnim tro\u0161kovima koje dobijamo \u010dim kupimo telefon \u2014 od slu\u0161alica i maski, do pretplata i servisa. <\/p>\n<p>A najve\u0107e pitanje je: da li smo uop\u0161te svesni koliko vremena odlazi na ekran i \u0161ta gubimo zauzvrat?<\/p>","protected":false},"excerpt":{"rendered":"<p>\ud83c\udfa7 Koliko nas zapravo ko\u0161ta telefon \u2014 u vremenu, pa\u017enji i fokusu | TeleSrbija podcast \ud83c\udfa7 Koliko nas zapravo ko\u0161ta telefon? Ne mislimo samo na cenu u dinarima, ve\u0107 na one skrivene tro\u0161kove koje retko ra\u010dunamo \u2014 vreme, pa\u017enju, koncentraciju i energiju. U ovoj epizodi bavimo se time koliko \u010desto proveravamo telefon, kako nam postaje&#8230;<\/p>","protected":false},"author":4,"featured_media":113407,"comment_status":"","ping_status":"closed","sticky":false,"template":"","format":"standard","meta":{"footnotes":""},"categories":[611],"tags":[],"class_list":["post-625365","post","type-post","status-publish","format-standard","has-post-thumbnail","hentry","category-telesrbija"],"_links":{"self":[{"href":"https:\/\/podcast.rs\/en\/wp-json\/wp\/v2\/posts\/625365","targetHints":{"allow":["GET"]}}],"collection":[{"href":"https:\/\/podcast.rs\/en\/wp-json\/wp\/v2\/posts"}],"about":[{"href":"https:\/\/podcast.rs\/en\/wp-json\/wp\/v2\/types\/post"}],"author":[{"embeddable":true,"href":"https:\/\/podcast.rs\/en\/wp-json\/wp\/v2\/users\/4"}],"replies":[{"embeddable":true,"href":"https:\/\/podcast.rs\/en\/wp-json\/wp\/v2\/comments?post=625365"}],"version-history":[{"count":0,"href":"https:\/\/podcast.rs\/en\/wp-json\/wp\/v2\/posts\/625365\/revisions"}],"wp:featuredmedia":[{"embeddable":true,"href":"https:\/\/podcast.rs\/en\/wp-json\/wp\/v2\/media\/113407"}],"wp:attachment":[{"href":"https:\/\/podcast.rs\/en\/wp-json\/wp\/v2\/media?parent=625365"}],"wp:term":[{"taxonomy":"category","embeddable":true,"href":"https:\/\/podcast.rs\/en\/wp-json\/wp\/v2\/categories?post=625365"},{"taxonomy":"post_tag","embeddable":true,"href":"https:\/\/podcast.rs\/en\/wp-json\/wp\/v2\/tags?post=625365"}],"curies":[{"name":"wp","href":"https:\/\/api.w.org\/{rel}","templated":true}]}}