{"id":62406,"date":"2023-01-03T21:50:24","date_gmt":"2023-01-03T20:50:24","guid":{"rendered":"https:\/\/podcast.rs\/?p=62406"},"modified":"2023-01-03T23:22:01","modified_gmt":"2023-01-03T21:22:01","slug":"sesta-licna-s5a06-nova-godina-stari-jadran","status":"publish","type":"post","link":"https:\/\/podcast.rs\/en\/sesta-licna-s5a06-nova-godina-stari-jadran\/","title":{"rendered":"\u0160ESTA LI\u010cNA: S5A06 \u2013 Nova Godina, Stari Jadran!"},"content":{"rendered":"<p>CAPTION SOCIAL\tSre\u0107na nova godina i bo\u017ei\u0107ni praznici! <\/p>\n<p>E tako, sad kad smo pregurali taj obavezni deo, dobrodo\u0161li u prvu ovogodi\u0161nju ABA \u0160estu Li\u010dnu! Na tanjiru, osim ruske salate i kiflica, standardni meni \u2013 ve\u010diti i njihove (ne)zgode, te ostatak regiona koji poku\u0161ava da se priklju\u010di&#8230;<\/p>\n<p>Crvena Zvezda nikako da se kompletira, ili makar da se kompletira u onom stanju koji bi oni hteli. Luka Vildosa odsustvova\u0107e mesec dana nakon do\u017eivljene povrede u me\u010du protiv Barselone, pridru\u017eiv\u0161i se tako Nikoli Ivanovi\u0107u i Hasanu Martinu u klupskom dispanzeru. Sa druge strane, o\u010dekuje se da Faku Kampaco ubrzo \u201eprebrodi\u201c papirolo\u0161ku bravuru koja je bila neophodna da bi zaigrao za crveno-bele u Evroligi, a \u0161upka se pone\u0161to i o novom centru, ali o tome malo preciznije u samoj emisiji! Zvezda, ina\u010de, rezultatski gura odli\u010dno \u2013 poraz brotiv Barse je boleo, ali oporavak je stigao u vidu rutinske pobede u Splitu.<\/p>\n<p>\u0160to se Partizana ti\u010de, i tamo stvari napreduju stabilno. Crno-beli su nakon crne serije isplivali na povr\u0161inu i vezali tri pobede u Evroligi \u2013 u ABA, tako\u0111e, sve ide svojim prirodnim tokom. Zadar je rutiniran u Areni, a i iz ovog tabora se sve ja\u010de \u010duje neki \u017eubor tra\u010deva o novom poja\u010danju&#8230;koje mo\u017eda ve\u0107 i bude u dresu dok vi ovo slu\u0161ate? U smiraj 2022. proradio je i Janis Papapetru, koji pru\u017ea sve bolje partije. A \u0161ta re\u0107i o Danteu Egzamu, koji mo\u017eda igra i sezonu karijere? Nisu male re\u010di za nekoga ko je bio visok draft pik.<\/p>\n<p>Ostali? Budu\u0107nost je za praznike malo renovirala sastav \u2013 oti\u0161li su Eron Vajt i Fil But (kome je dva dana pred odlazak, u bizarnom obrtu, zvani\u010dni nalog kluba \u010destitao ro\u0111endan), obojica u Tursku, a stigli su D\u017eej D\u017eej O\u2019Brajen i Erik Grin, nekada vrlo atraktivno ime evropske ko\u0161arke na najvi\u0161em nivou. Zanimljiv transfer vi\u0111en je i u Lakta\u0161ima, koji su umesto deda Mraza do\u010dekali Gagija Milosavljevi\u0107a. U ligu se vratio i \u0110or\u0111e Gagi\u0107, koji je poja\u010dao Borac iz \u010ca\u010dka. Pali su i neki rekordi&#8230;ma, bilo je stvari.<\/p>\n<p>A o stvarima, mi \u2013 dabome \u2013 pri\u010damo! Pa se lepo uvalite i poslu\u0161ajte \u0161ta jo\u0161 imamo da ka\u017eemo o regionalnim zbivanjima, jer desilo se pone\u0161to u ovih par nedelja dok je Edo bio u Denveru. U\u017eivajte, pa se vidimo u \u010detvrtak za NBA apdejt!<\/p>\n<p>I jo\u0161 jednom \u2013 sre\u0107ni praznici!<\/p>","protected":false},"excerpt":{"rendered":"<p>CAPTION SOCIAL Sre\u0107na nova godina i bo\u017ei\u0107ni praznici! E tako, sad kad smo pregurali taj obavezni deo, dobrodo\u0161li u prvu ovogodi\u0161nju ABA \u0160estu Li\u010dnu! Na tanjiru, osim ruske salate i kiflica, standardni meni \u2013 ve\u010diti i njihove (ne)zgode, te ostatak regiona koji poku\u0161ava da se priklju\u010di&#8230; Crvena Zvezda nikako da se kompletira, ili makar da&#8230;<\/p>","protected":false},"author":3,"featured_media":25637,"comment_status":"open","ping_status":"closed","sticky":false,"template":"","format":"audio","meta":{"footnotes":""},"categories":[203],"tags":[],"class_list":["post-62406","post","type-post","status-publish","format-audio","has-post-thumbnail","hentry","category-sesta-licna","post_format-post-format-audio"],"_links":{"self":[{"href":"https:\/\/podcast.rs\/en\/wp-json\/wp\/v2\/posts\/62406","targetHints":{"allow":["GET"]}}],"collection":[{"href":"https:\/\/podcast.rs\/en\/wp-json\/wp\/v2\/posts"}],"about":[{"href":"https:\/\/podcast.rs\/en\/wp-json\/wp\/v2\/types\/post"}],"author":[{"embeddable":true,"href":"https:\/\/podcast.rs\/en\/wp-json\/wp\/v2\/users\/3"}],"replies":[{"embeddable":true,"href":"https:\/\/podcast.rs\/en\/wp-json\/wp\/v2\/comments?post=62406"}],"version-history":[{"count":1,"href":"https:\/\/podcast.rs\/en\/wp-json\/wp\/v2\/posts\/62406\/revisions"}],"predecessor-version":[{"id":62407,"href":"https:\/\/podcast.rs\/en\/wp-json\/wp\/v2\/posts\/62406\/revisions\/62407"}],"wp:featuredmedia":[{"embeddable":true,"href":"https:\/\/podcast.rs\/en\/wp-json\/wp\/v2\/media\/25637"}],"wp:attachment":[{"href":"https:\/\/podcast.rs\/en\/wp-json\/wp\/v2\/media?parent=62406"}],"wp:term":[{"taxonomy":"category","embeddable":true,"href":"https:\/\/podcast.rs\/en\/wp-json\/wp\/v2\/categories?post=62406"},{"taxonomy":"post_tag","embeddable":true,"href":"https:\/\/podcast.rs\/en\/wp-json\/wp\/v2\/tags?post=62406"}],"curies":[{"name":"wp","href":"https:\/\/api.w.org\/{rel}","templated":true}]}}