{"id":62348,"date":"2023-01-01T07:52:09","date_gmt":"2023-01-01T06:52:09","guid":{"rendered":"https:\/\/podcast.rs\/?p=62348"},"modified":"2023-01-01T10:12:05","modified_gmt":"2023-01-01T08:12:05","slug":"ana-nesic-menadzerka-prodaje-preduzetnica-filantropkinja-fusnota-podkast-52","status":"publish","type":"post","link":"https:\/\/podcast.rs\/en\/ana-nesic-menadzerka-prodaje-preduzetnica-filantropkinja-fusnota-podkast-52\/","title":{"rendered":"Ana Ne\u0161i\u0107 &#8211; menad\u017eerka prodaje, preduzetnica, filantropkinja | Fusnota podkast 52"},"content":{"rendered":"<p>Podr\u017ei *fusnota podkast https:\/\/www.paypal.com\/paypalme\/alex5rovski<\/p>\n<p>Anin skriveni talenat je da okuplja zajednicu, \u0161to je veoma dragoceno u doba bezobzirnosti. Tako je tokom priprema za sopstvenu svadbu oktobra 2019. pokrenula Facebook grupu Mali proizvo\u0111a\u010di hrane u Srbiji, koja je za kratko vreme povezala brojne ljude i unapredila kvalitet \u017eivota hiljadama porodica.<br \/>\nImala je priliku da iskoristi publicitet da za kra\u0107e vreme stekne i finansijsku dobit, sa svojim poznavanjem marketinga i PR-a, ali je umesto toga ulo\u017eila svoj novac i vreme. Uti\u0161ala je glasove sa strane i ostala dosledna svojim principima.<br \/>\nZato je Ana Ne\u0161i\u0107 za mene jedna od najuticajnijih \u017eena u Srbiji, bar onoj kakvu ja \u017eelim.<br \/>\nZato sam ba\u0161 razgovorom sa njom po\u017eelela da &#8222;otvorim&#8220; ovu 2023. godinu u \u017eelji da vas motivi\u0161 da i vi nekome budete luk o koji \u0107e se kao strela odapeti u bolju budu\u0107nost.<br \/>\nAli ne \u017eelim da romantizujem ovu pri\u010du. Znate ve\u0107. Ovo je pri\u010da iza pri\u010de. O prevazila\u017eenju sopstvenih pakaciteta, o odustajanju, o psihoterapiji, o pregorevanju, o va\u017enosti da napravi\u0161 pauzu, o smislu, o svrsi, o gra\u0111enju i oslu\u0161kivanju zajednice&#8230;<\/p>\n<p>DARIVANJE: U saradnji sa izdava\u010dkom ku\u0107om Arete poklanjam vam knjigu &#8222;Kada&#8220; Danijela Pinka. Ana vam je pred kraj na\u0161eg razgovora postavila pitanje na koje treba da odgovorite u komentarima ispod ovog YT videa. Pobednika progla\u0161avamo 8. januara. Darivanje va\u017ei samo za teritoriju Srbije.<br \/>\nOp\u0161irnije o knjizi https:\/\/arete.rs\/knjige\/knjiga-kada-naucite-tajne-savrsenog-tajminga-danijel-h-pink-2120<br \/>\n&#8212;-<br \/>\n\ud83d\udc4d Pokrovitelj pitanja &#8222;Za \u0161ta uvek imate vremena?&#8220; je GRAND KAFA, koja nam poru\u010duje: Hajde da imamo vremena! Dobre stvari u \u017eivotu tra\u017ee vreme. Vreme da se pripreme i vreme da se u njima u\u017eiva. Zato, hajde da odlu\u010dimo da svakog dana imamo vremena za ono \u0161to je stvarno va\u017eno. Za sebe, za zajedni\u010dku \u0161oljicu kafe i sve one male stvari koje \u010dine \u017eivot.<br \/>\nPridru\u017eite se zajednici na Instagramu https:\/\/www.instagram.com\/grand.kafa\/ <\/p>\n<p>Muzika za \u0161picu: Sanja Stevanov<br \/>\n<iframe title=\"Sanja S\" width=\"1200\" height=\"450\" scrolling=\"no\" frameborder=\"no\" src=\"https:\/\/w.soundcloud.com\/player\/?visual=true&#038;url=https%3A%2F%2Fapi.soundcloud.com%2Fusers%2F263799157&#038;show_artwork=true&#038;maxheight=1000&#038;maxwidth=1200\"><\/iframe><br \/>\n__<br \/>\n\ud83d\udc95 *fusnota podkast je projekat Fondacije Dva 37, kao i kru\u017eok Multipotencijalisti.<br \/>\nPridru\u017ei nam se https:\/\/bit.ly\/fbmultipotencijalisti<br \/>\n\ud83c\udf3f Prati Alex na Instagramu<br \/>\nhttps:\/\/www.instagram.com\/alex5rovski<br \/>\n&#8212;&#8212;&#8211;<\/p>\n<p>&#8212;&#8212;&#8212;&#8212;<br \/>\nNAPOMENA: Kori\u0161\u0107enje snimaka podkasta i njihovo postavljanje na internet bez saglasnosti autorke nije dozvoljeno i sankcioni\u0161e se Zakonom o autorskom i srodnim pravima, kao i Krivi\u010dnim zakonom RS.<\/p>","protected":false},"excerpt":{"rendered":"<p>Podr\u017ei *fusnota podkast https:\/\/www.paypal.com\/paypalme\/alex5rovski Anin skriveni talenat je da okuplja zajednicu, \u0161to je veoma dragoceno u doba bezobzirnosti. Tako je tokom priprema za sopstvenu svadbu oktobra 2019. pokrenula Facebook grupu Mali proizvo\u0111a\u010di hrane u Srbiji, koja je za kratko vreme povezala brojne ljude i unapredila kvalitet \u017eivota hiljadama porodica. Imala je priliku da iskoristi publicitet&#8230;<\/p>","protected":false},"author":3,"featured_media":48826,"comment_status":"close","ping_status":"closed","sticky":false,"template":"","format":"audio","meta":{"footnotes":""},"categories":[367],"tags":[],"class_list":["post-62348","post","type-post","status-publish","format-audio","has-post-thumbnail","hentry","category-fusnota","post_format-post-format-audio"],"_links":{"self":[{"href":"https:\/\/podcast.rs\/en\/wp-json\/wp\/v2\/posts\/62348","targetHints":{"allow":["GET"]}}],"collection":[{"href":"https:\/\/podcast.rs\/en\/wp-json\/wp\/v2\/posts"}],"about":[{"href":"https:\/\/podcast.rs\/en\/wp-json\/wp\/v2\/types\/post"}],"author":[{"embeddable":true,"href":"https:\/\/podcast.rs\/en\/wp-json\/wp\/v2\/users\/3"}],"replies":[{"embeddable":true,"href":"https:\/\/podcast.rs\/en\/wp-json\/wp\/v2\/comments?post=62348"}],"version-history":[{"count":1,"href":"https:\/\/podcast.rs\/en\/wp-json\/wp\/v2\/posts\/62348\/revisions"}],"predecessor-version":[{"id":62349,"href":"https:\/\/podcast.rs\/en\/wp-json\/wp\/v2\/posts\/62348\/revisions\/62349"}],"wp:featuredmedia":[{"embeddable":true,"href":"https:\/\/podcast.rs\/en\/wp-json\/wp\/v2\/media\/48826"}],"wp:attachment":[{"href":"https:\/\/podcast.rs\/en\/wp-json\/wp\/v2\/media?parent=62348"}],"wp:term":[{"taxonomy":"category","embeddable":true,"href":"https:\/\/podcast.rs\/en\/wp-json\/wp\/v2\/categories?post=62348"},{"taxonomy":"post_tag","embeddable":true,"href":"https:\/\/podcast.rs\/en\/wp-json\/wp\/v2\/tags?post=62348"}],"curies":[{"name":"wp","href":"https:\/\/api.w.org\/{rel}","templated":true}]}}