{"id":622275,"date":"2025-11-27T10:02:00","date_gmt":"2025-11-27T09:02:00","guid":{"rendered":"https:\/\/podcast.rs\/?p=622275"},"modified":"2025-11-27T11:04:43","modified_gmt":"2025-11-27T09:04:43","slug":"124-empatija","status":"publish","type":"post","link":"https:\/\/podcast.rs\/en\/124-empatija\/","title":{"rendered":"124 &#8211; Empatija"},"content":{"rendered":"<p>Empatija je jedna od onih re\u010di koje svi izgovaramo, a retko zaista pustimo da se nastani u nama. Pri\u010damo i o inflaciji samog pojma <em>empatija<\/em> koji se \u010desto zloupotrebljava. Odakle preispitivanje empatije i forsiranje novih termina, poput &#8222;hiperempati\u010dnosti&#8220; kao neke super mo\u0107i? \u0160ta je sa odsustvom empatije u modernom dru\u0161tvu i istovremenim bombardovanjem sadr\u017eajima na dru\u0161tvenim mre\u017eama kojima se izazivaju vrlo jake emocije u nama? Olivera i Roberto poku\u0161avaju danas da empatiji pri\u0111u bez idealizovanja ljudi, bez o\u010dekivanja da budemo savr\u0161eni. Umesto toga, govore o tome kako izgleda poku\u0161ati razumeti drugog ba\u0161 onda kada nam to ide najte\u017ee: dok smo umorni, povre\u0111eni, nesigurni ili prosto okupirani sopstvenim borbama. Kada i na koji na\u010din zaista ose\u0107amo empatiju? \u0160ta je la\u017ena ili pseudoempatija, i za\u0161to je \u010desto bustujemo i bildujemo raznim podra\u017eajima, na primer, preplavljivanjem tu\u0111om patnjom? \u0160ta nam se servira umesto prirodne, normalne, ljudske empatije? Kako je to simpatija prete\u010da empatije, i \u0161ta u stvari empatija zna\u010di? Kako nam empatija poma\u017ee da budemo bolji ljudi? Olivera i Roberto otvaraju temu empatije kao ve\u0161tine koja se gradi, koja ume da bude iscrpljuju\u0107a, i kao ne\u010dega \u0161to se u\u010di vi\u0161e gre\u0161kama nego uspehom. Govore o tome da empatija nije nikakva supermo\u0107, ve\u0107 izbor koji pravimo iznova, \u010desto neuredno i nesavr\u0161eno, ali uvek iz neke iskrene \u017eelje da ne izgubimo kontakt sa ljudima do kojih nam je stalo. Ba\u0161 tu se prirodno otvara i pri\u010da o promeni. Promena je, koliko god da je odla\u017eemo, jedina konstanta koja nas prati. Ljudi koji te\u017ee rastu, koji poku\u0161avaju da usklade posao, odnose, porodicu i li\u010dne potrebe, znaju da je promena sastavni deo svakog napredovanja. Ponekad tiha, ponekad nagla, ali uvek neizbe\u017ena. Kao voda koja uporno pronalazi svoj put, i mi tra\u017eimo onaj koji nam najvi\u0161e odgovara, onaj koji nas vodi napred i \u010dini hrabrijim. Empatija je \u010desto po\u010detak te promene, most izme\u0111u du\u0161a, trenutak u kojem poku\u0161amo da razumemo sebe i druge bolje nego ju\u010de, jer najve\u0107i pomaci po\u010dinju onda kada dozvolimo sebi da budemo otvoreni, mek\u0161i i iskreniji prema sebi i svetu oko nas. \ud83c\udf3f Epizodu podr\u017eava Rosa &#8211; prirodna, ba\u0161 kao i promena. Dodatni sadr\u017eaji su na raspolaganju i na YouTube kanalu za \u010dlanove, kao i na Patreonu. Podr\u017eite nas i pretplatite se za na\u0161e ekskluzivne sadr\u017eaje: <a target=\"_blank\" rel=\"noopener noreferrer nofollow\" href=\"https:\/\/www.patreon.com\/c\/dvaipopsihijatra\/\">https:\/\/www.patreon.com\/c\/dvaipopsihijatra\/<\/a><\/p>","protected":false},"excerpt":{"rendered":"<p>Empatija je jedna od onih re\u010di koje svi izgovaramo, a retko zaista pustimo da se nastani u nama. Pri\u010damo i o inflaciji samog pojma empatija koji se \u010desto zloupotrebljava. Odakle preispitivanje empatije i forsiranje novih termina, poput &#8222;hiperempati\u010dnosti&#8220; kao neke super mo\u0107i? \u0160ta je sa odsustvom empatije u modernom dru\u0161tvu i istovremenim bombardovanjem sadr\u017eajima na&#8230;<\/p>","protected":false},"author":3,"featured_media":67456,"comment_status":"close","ping_status":"closed","sticky":false,"template":"","format":"audio","meta":{"footnotes":""},"categories":[493],"tags":[],"class_list":["post-622275","post","type-post","status-publish","format-audio","has-post-thumbnail","hentry","category-dva-i-po-psihijatra","post_format-post-format-audio"],"_links":{"self":[{"href":"https:\/\/podcast.rs\/en\/wp-json\/wp\/v2\/posts\/622275","targetHints":{"allow":["GET"]}}],"collection":[{"href":"https:\/\/podcast.rs\/en\/wp-json\/wp\/v2\/posts"}],"about":[{"href":"https:\/\/podcast.rs\/en\/wp-json\/wp\/v2\/types\/post"}],"author":[{"embeddable":true,"href":"https:\/\/podcast.rs\/en\/wp-json\/wp\/v2\/users\/3"}],"replies":[{"embeddable":true,"href":"https:\/\/podcast.rs\/en\/wp-json\/wp\/v2\/comments?post=622275"}],"version-history":[{"count":1,"href":"https:\/\/podcast.rs\/en\/wp-json\/wp\/v2\/posts\/622275\/revisions"}],"predecessor-version":[{"id":622276,"href":"https:\/\/podcast.rs\/en\/wp-json\/wp\/v2\/posts\/622275\/revisions\/622276"}],"wp:featuredmedia":[{"embeddable":true,"href":"https:\/\/podcast.rs\/en\/wp-json\/wp\/v2\/media\/67456"}],"wp:attachment":[{"href":"https:\/\/podcast.rs\/en\/wp-json\/wp\/v2\/media?parent=622275"}],"wp:term":[{"taxonomy":"category","embeddable":true,"href":"https:\/\/podcast.rs\/en\/wp-json\/wp\/v2\/categories?post=622275"},{"taxonomy":"post_tag","embeddable":true,"href":"https:\/\/podcast.rs\/en\/wp-json\/wp\/v2\/tags?post=622275"}],"curies":[{"name":"wp","href":"https:\/\/api.w.org\/{rel}","templated":true}]}}