{"id":62182,"date":"2022-12-26T11:38:40","date_gmt":"2022-12-26T10:38:40","guid":{"rendered":"https:\/\/podcast.rs\/?p=62182"},"modified":"2022-12-26T12:44:19","modified_gmt":"2022-12-26T10:44:19","slug":"ep-02-sta-donosi-zakon-o-socijalnom-preduzetnistvu","status":"publish","type":"post","link":"https:\/\/podcast.rs\/en\/ep-02-sta-donosi-zakon-o-socijalnom-preduzetnistvu\/","title":{"rendered":"Ep. 02: \u0160ta donosi Zakon o socijalnom preduzetni\u0161tvu?"},"content":{"rendered":"<p>Srbija je dobila zakon kojim se reguli\u0161e oblast socijalne ekonomije. Sada imamo pravni okvir koji bi trebalo da olak\u0161a rad, ali i obezbedi bolje uslove svima koji \u017eele da, kroz socijalno preduzetni\u0161tvo, pomognu ugro\u017eenim kategorijama ljudi ili da re\u0161e odre\u0111en dru\u0161tveni problem. Zato \u0107emo u ovoj epizodi podkasta govoriti o pravima i obavezama socijalnih preduze\u0107a, i o tome kako mlade zainteresovati za ovu oblast.<\/p>\n<p>&#8222;Solidarno&#8220;, podkast Biznisnove &#8211; centra za proaktivno poslovanje je posve\u0107en boljem razumevanju solidarne ekonomije i na\u010dina funkcionisanja socijalnih preduze\u0107a.<\/p>\n<p>***Ova epizoda podkasta Solidarno izra\u0111ena je u okviru projekta \u201eRegionalni program lokalne demokratije na Zapadnom Balkanu 2 (ReLOaD2)\u201c koji finansira Evropska unija (EU), a sprovodi Program Ujedinjenih nacija za razvoj (UNDP) u Srbiji. Sadr\u017eaj ove podkast epizode isklju\u010diva su odgovornost Udru\u017eenja Biznisnova &#8211; centra za proaktivno delovanje i nu\u017eno ne izra\u017eava stavove Evropske unije (EU) niti Programa Ujedinjenih nacija za razvoj (UNDP).<\/p>","protected":false},"excerpt":{"rendered":"<p>Srbija je dobila zakon kojim se reguli\u0161e oblast socijalne ekonomije. Sada imamo pravni okvir koji bi trebalo da olak\u0161a rad, ali i obezbedi bolje uslove svima koji \u017eele da, kroz socijalno preduzetni\u0161tvo, pomognu ugro\u017eenim kategorijama ljudi ili da re\u0161e odre\u0111en dru\u0161tveni problem. Zato \u0107emo u ovoj epizodi podkasta govoriti o pravima i obavezama socijalnih preduze\u0107a,&#8230;<\/p>","protected":false},"author":3,"featured_media":61165,"comment_status":"close","ping_status":"closed","sticky":false,"template":"","format":"audio","meta":{"footnotes":""},"categories":[482],"tags":[],"class_list":["post-62182","post","type-post","status-publish","format-audio","has-post-thumbnail","hentry","category-solidarno","post_format-post-format-audio"],"_links":{"self":[{"href":"https:\/\/podcast.rs\/en\/wp-json\/wp\/v2\/posts\/62182","targetHints":{"allow":["GET"]}}],"collection":[{"href":"https:\/\/podcast.rs\/en\/wp-json\/wp\/v2\/posts"}],"about":[{"href":"https:\/\/podcast.rs\/en\/wp-json\/wp\/v2\/types\/post"}],"author":[{"embeddable":true,"href":"https:\/\/podcast.rs\/en\/wp-json\/wp\/v2\/users\/3"}],"replies":[{"embeddable":true,"href":"https:\/\/podcast.rs\/en\/wp-json\/wp\/v2\/comments?post=62182"}],"version-history":[{"count":1,"href":"https:\/\/podcast.rs\/en\/wp-json\/wp\/v2\/posts\/62182\/revisions"}],"predecessor-version":[{"id":62183,"href":"https:\/\/podcast.rs\/en\/wp-json\/wp\/v2\/posts\/62182\/revisions\/62183"}],"wp:featuredmedia":[{"embeddable":true,"href":"https:\/\/podcast.rs\/en\/wp-json\/wp\/v2\/media\/61165"}],"wp:attachment":[{"href":"https:\/\/podcast.rs\/en\/wp-json\/wp\/v2\/media?parent=62182"}],"wp:term":[{"taxonomy":"category","embeddable":true,"href":"https:\/\/podcast.rs\/en\/wp-json\/wp\/v2\/categories?post=62182"},{"taxonomy":"post_tag","embeddable":true,"href":"https:\/\/podcast.rs\/en\/wp-json\/wp\/v2\/tags?post=62182"}],"curies":[{"name":"wp","href":"https:\/\/api.w.org\/{rel}","templated":true}]}}