{"id":62156,"date":"2022-12-25T08:12:03","date_gmt":"2022-12-25T07:12:03","guid":{"rendered":"https:\/\/podcast.rs\/?p=62156"},"modified":"2022-12-25T10:11:58","modified_gmt":"2022-12-25T08:11:58","slug":"vesna-lakovic-van-kempen-trenerica-mindfulnessa-pedagoskinja-preduzetnica-fusnota-podkast-51","status":"publish","type":"post","link":"https:\/\/podcast.rs\/en\/vesna-lakovic-van-kempen-trenerica-mindfulnessa-pedagoskinja-preduzetnica-fusnota-podkast-51\/","title":{"rendered":"Vesna Lakovi\u0107 van Kempen &#8211; trenerica Mindfulnessa, pedago\u0161kinja, preduzetnica | Fusnota podkast 51"},"content":{"rendered":"<p>Tokom novogodi\u0161njih praznika mnogo je emocija koje &#8222;isplivaju&#8220;. Kako da preveniramo, prepoznamo i prevazi\u0111emo saose\u0107ajni zamor i sagorevanje, kako da se nosimo sa neprijatnim razgovorima sa ro\u0111acima i prijateljima, za\u0161to empatija ima &#8222;rok trajanja&#8220; i kako da je &#8222;sa\u010duvamo&#8220;, kako da postignemo svesnu pa\u017enju, kako nas patnja i bol jo\u0161 vi\u0161e povezuju sa drugim ljudima&#8230; razgovarala sam sa Vesnom Lakovi\u0107 van Kempen, trenericom Mindfulnessa (praksa treniranja na\u0161e pa\u017enje, prisutnost ovde i sada).<\/p>\n<p>O GO\u0160\u0106I: Vesna Lakovi\u0107 van Kempen je diplomirana pedago\u0161kinja i master menad\u017eerka u obrazovanju. Jedna je od prvih doma\u0107ih sertifikovanih trenerica Mindfulnessa za odrasle, Mindful self-compassion programa (koji za cilj ima razvoj samo-saose\u0107anja i prevenciju od sagorevanja i saose\u0107ajnog zamora) i TRE instruktorki (ve\u017ebe za otpu\u0161tanje tenzije, stresa i traume) i prva sertifikovana trenerica Mindfulnessa za decu i tinejd\u017eere u Srbiji. Period izme\u0111u 2017. i 2018. provela je na Tajlandu rade\u0107i kao savetnica i Mindfulness facilitatorka u New life foundation, zajednici za oporavak od bolesti zavisnost, traume i saogrevanja.<br \/>\nCeo njen \u017eivot obele\u017een je vrednostima u\u010denja, obrazovanja i pomaganja ljudima, s obzirom da dolazi iz porodice naklonjene prosveti i humanitarnom radu. Sada Vesnin \u017eivot karakteri\u0161u i vrednosti kao \u0161to su: ranjivost, hrabrost i samo-saose\u0107anje jer je na putu svog li\u010dnog razvoja i karijere, prolazila kroz brojne uspone i padove. Te\u017eim putem nau\u010dila je va\u017enost lekcije kako da ne zapostavi sebe, dok brine o drugima. Danas je Vesnina misija da osna\u017ei druge da budu iskreniji, saose\u0107ajniji i hrabriji u odnosu sa sobom i drugima.<\/p>\n<p>DARIVANJE: U saradnji sa izdava\u010dkom ku\u0107om Arete poklanjam vam knjigu &#8222;Majndfulnes&#8220; Tese Vat. Vesna vam je pred kraj na\u0161eg razgovora postavila pitanje na koje treba da odgovorite u komentarima ispod ovog YouTube videa. Pobednika progla\u0161avamo 1. januara.<br \/>\nOp\u0161irnije o knjizi https:\/\/arete.rs\/knjige\/knjiga-majndfulnes-tesa-vat-33940<\/p>\n<p>&#8212;-<br \/>\n\ud83d\udc4d Pokrovitelj pitanja &#8222;Za \u0161ta uvek imate vremena?&#8220; je GRAND KAFA, koja nam poru\u010duje: Hajde da imamo vremena! Dobre stvari u \u017eivotu tra\u017ee vreme. Vreme da se pripreme i vreme da se u njima u\u017eiva. Zato, hajde da odlu\u010dimo da svakog dana imamo vremena za ono \u0161to je stvarno va\u017eno. Za sebe, za zajedni\u010dku \u0161oljicu kafe i sve one male stvari koje \u010dine \u017eivot.<br \/>\nPridru\u017eite se zajednici na Instagramu https:\/\/www.instagram.com\/grand.kafa\/ <\/p>\n<p>Muzika za \u0161picu: Sanja Stevanov<br \/>\n<iframe title=\"Sanja S\" width=\"1200\" height=\"450\" scrolling=\"no\" frameborder=\"no\" src=\"https:\/\/w.soundcloud.com\/player\/?visual=true&#038;url=https%3A%2F%2Fapi.soundcloud.com%2Fusers%2F263799157&#038;show_artwork=true&#038;maxheight=1000&#038;maxwidth=1200\"><\/iframe><\/p>","protected":false},"excerpt":{"rendered":"<p>Tokom novogodi\u0161njih praznika mnogo je emocija koje &#8222;isplivaju&#8220;. Kako da preveniramo, prepoznamo i prevazi\u0111emo saose\u0107ajni zamor i sagorevanje, kako da se nosimo sa neprijatnim razgovorima sa ro\u0111acima i prijateljima, za\u0161to empatija ima &#8222;rok trajanja&#8220; i kako da je &#8222;sa\u010duvamo&#8220;, kako da postignemo svesnu pa\u017enju, kako nas patnja i bol jo\u0161 vi\u0161e povezuju sa drugim ljudima&#8230;&#8230;<\/p>","protected":false},"author":3,"featured_media":48826,"comment_status":"close","ping_status":"closed","sticky":false,"template":"","format":"audio","meta":{"footnotes":""},"categories":[367],"tags":[],"class_list":["post-62156","post","type-post","status-publish","format-audio","has-post-thumbnail","hentry","category-fusnota","post_format-post-format-audio"],"_links":{"self":[{"href":"https:\/\/podcast.rs\/en\/wp-json\/wp\/v2\/posts\/62156","targetHints":{"allow":["GET"]}}],"collection":[{"href":"https:\/\/podcast.rs\/en\/wp-json\/wp\/v2\/posts"}],"about":[{"href":"https:\/\/podcast.rs\/en\/wp-json\/wp\/v2\/types\/post"}],"author":[{"embeddable":true,"href":"https:\/\/podcast.rs\/en\/wp-json\/wp\/v2\/users\/3"}],"replies":[{"embeddable":true,"href":"https:\/\/podcast.rs\/en\/wp-json\/wp\/v2\/comments?post=62156"}],"version-history":[{"count":1,"href":"https:\/\/podcast.rs\/en\/wp-json\/wp\/v2\/posts\/62156\/revisions"}],"predecessor-version":[{"id":62157,"href":"https:\/\/podcast.rs\/en\/wp-json\/wp\/v2\/posts\/62156\/revisions\/62157"}],"wp:featuredmedia":[{"embeddable":true,"href":"https:\/\/podcast.rs\/en\/wp-json\/wp\/v2\/media\/48826"}],"wp:attachment":[{"href":"https:\/\/podcast.rs\/en\/wp-json\/wp\/v2\/media?parent=62156"}],"wp:term":[{"taxonomy":"category","embeddable":true,"href":"https:\/\/podcast.rs\/en\/wp-json\/wp\/v2\/categories?post=62156"},{"taxonomy":"post_tag","embeddable":true,"href":"https:\/\/podcast.rs\/en\/wp-json\/wp\/v2\/tags?post=62156"}],"curies":[{"name":"wp","href":"https:\/\/api.w.org\/{rel}","templated":true}]}}