{"id":61922,"date":"2022-12-19T16:28:51","date_gmt":"2022-12-19T15:28:51","guid":{"rendered":"https:\/\/podcast.rs\/?p=61922"},"modified":"2022-12-19T18:16:26","modified_gmt":"2022-12-19T16:16:26","slug":"ostati-uz-curuviju-decembar-prosinac-19-2022","status":"publish","type":"post","link":"https:\/\/podcast.rs\/en\/ostati-uz-curuviju-decembar-prosinac-19-2022\/","title":{"rendered":"Ostati uz \u0106uruviju &#8211; decembar\/prosinac 19, 2022"},"content":{"rendered":"<p>Kako se kolege Slavka \u0106uruvije, ubijenog novinara i vlasnika Dnevnog telegrafa i nedeljnika Evropljanin, se\u0107aju 90-ih godina u Srbiji i rada sa njim? \u0106uruvija je ubijen u aprilu 1999. nakon niza pritisaka na rad novina u njegovom vlasni\u0161tvu zbog kriti\u010dkog izve\u0161tavanja u vreme re\u017eima Slobodana Milo\u0161evi\u0107a, tada predsednika Savezne Republike Jugoslavije. Novinari Miroslav Mikuljanac, Mitko Jakovlevski i Sr\u0111an Jankovi\u0107 govorili su o vremenu kada su bili deo \u0106uruvijine redakcije u Beogradu i suo\u010davali se pritiscima, ka\u017enjavanjima, zaplenama imovine i pretnjama zatvorom.<\/p>","protected":false},"excerpt":{"rendered":"<p>Kako se kolege Slavka \u0106uruvije, ubijenog novinara i vlasnika Dnevnog telegrafa i nedeljnika Evropljanin, se\u0107aju 90-ih godina u Srbiji i rada sa njim? \u0106uruvija je ubijen u aprilu 1999. nakon niza pritisaka na rad novina u njegovom vlasni\u0161tvu zbog kriti\u010dkog izve\u0161tavanja u vreme re\u017eima Slobodana Milo\u0161evi\u0107a, tada predsednika Savezne Republike Jugoslavije. Novinari Miroslav Mikuljanac, Mitko&#8230;<\/p>","protected":false},"author":3,"featured_media":26186,"comment_status":"close","ping_status":"closed","sticky":false,"template":"","format":"audio","meta":{"footnotes":""},"categories":[207],"tags":[],"class_list":["post-61922","post","type-post","status-publish","format-audio","has-post-thumbnail","hentry","category-izmedju-redova","post_format-post-format-audio"],"_links":{"self":[{"href":"https:\/\/podcast.rs\/en\/wp-json\/wp\/v2\/posts\/61922","targetHints":{"allow":["GET"]}}],"collection":[{"href":"https:\/\/podcast.rs\/en\/wp-json\/wp\/v2\/posts"}],"about":[{"href":"https:\/\/podcast.rs\/en\/wp-json\/wp\/v2\/types\/post"}],"author":[{"embeddable":true,"href":"https:\/\/podcast.rs\/en\/wp-json\/wp\/v2\/users\/3"}],"replies":[{"embeddable":true,"href":"https:\/\/podcast.rs\/en\/wp-json\/wp\/v2\/comments?post=61922"}],"version-history":[{"count":1,"href":"https:\/\/podcast.rs\/en\/wp-json\/wp\/v2\/posts\/61922\/revisions"}],"predecessor-version":[{"id":61923,"href":"https:\/\/podcast.rs\/en\/wp-json\/wp\/v2\/posts\/61922\/revisions\/61923"}],"wp:featuredmedia":[{"embeddable":true,"href":"https:\/\/podcast.rs\/en\/wp-json\/wp\/v2\/media\/26186"}],"wp:attachment":[{"href":"https:\/\/podcast.rs\/en\/wp-json\/wp\/v2\/media?parent=61922"}],"wp:term":[{"taxonomy":"category","embeddable":true,"href":"https:\/\/podcast.rs\/en\/wp-json\/wp\/v2\/categories?post=61922"},{"taxonomy":"post_tag","embeddable":true,"href":"https:\/\/podcast.rs\/en\/wp-json\/wp\/v2\/tags?post=61922"}],"curies":[{"name":"wp","href":"https:\/\/api.w.org\/{rel}","templated":true}]}}