{"id":61811,"date":"2022-12-15T21:00:27","date_gmt":"2022-12-15T20:00:27","guid":{"rendered":"https:\/\/podcast.rs\/?p=61811"},"modified":"2022-12-15T22:35:02","modified_gmt":"2022-12-15T20:35:02","slug":"sesta-licna-s5n07-tamo-dole-duboko-u-lujzijani","status":"publish","type":"post","link":"https:\/\/podcast.rs\/en\/sesta-licna-s5n07-tamo-dole-duboko-u-lujzijani\/","title":{"rendered":"\u0160ESTA LI\u010cNA: S5N07 \u2013 Tamo Dole, Duboko U Lujzijani!"},"content":{"rendered":"<p>Bi\u0107e bolje \u2013 neko vi\u010de, ali na zapadu ipak ima noviteta. Jedan od<br \/>\nnjih je i to da, makar u trenutku pisanja ovog propratnog teksta,<br \/>\nzapadna konferencija ima novog lidera. Re\u010d je o ekipi Nju Orleans<br \/>\nPelikansa, koji trenutno igraju fantasti\u010dnu ko\u0161arku!<\/p>\n<p>Edin i Milo\u0161 u novoj epizodi NBA podkasta posve\u0107uju ne\u0161to vi\u0161e<br \/>\nvremena popularnim \u201ePelsima\u201c, koji su u prethodne dve sezone<br \/>\ndoslovce pro\u0161li \u010distili\u0161te nakon povrede Zajona Vilijamsona.<\/p>\n<p>Neuspeli eksperiment sa Stenom van Gandijem, kuloarske pri\u010de o<br \/>\nZajonovom le\u010denju, nesloga na relaciji mama i tata Vilijamson \u2013<br \/>\nDejvid Grifin&#8230;sve je to sada u retrovizoru. Pelsi bri\u0161u sve pred<br \/>\nsobom, i to bez pomo\u0107i Brendona Ingrama koji i dalje le\u010di povredu<br \/>\nno\u017enog palca. Njegov posao na smenu odra\u0111uju Hoze Alvarado,<br \/>\nTrej Marfi i drugi, i rezultat je prvo mesto na zapadu!<\/p>\n<p>Naravno, osim Pelsa, bavimo se i drugim NBA aktuelnostima. Prvi<br \/>\ndeo emisije posvetili smo pokojnom Polu Sajlasu, koga stariji<br \/>\nljubitelji ko\u0161arke pamte kao beskompromisnog borca na parketu, a<br \/>\nkasnije i \u0161efa struke u razli\u010ditim NBA ekipama \u2013 izme\u0111u ostalih i<br \/>\nKlivlendu, gde je trenirao mladog Lebrona D\u017eejmsa. U pregledu<br \/>\nistoka malo smo se osvrnuli na Filadelfiju i Toronto, ali ne\u0161to vi\u0161e<br \/>\nre\u010di bilo je i o Bruklinu koji se polako, ali sigurno, stabili\u0161e nakon<br \/>\nturbulentnih prvih dva meseca sezone.<\/p>\n<p>Na zapadu, osim Pelikansa, pri\u010damo i o \u201ede\u017eurnim krivcima\u201c \u2013 pre<br \/>\nsvega Finiksu i Denveru. Malo vi\u0161e re\u010di posvetili smo i Portlandu,<br \/>\nkoji se odr\u017eava u vrhu konferencije, a naravno nijedna zapadna<br \/>\ntema nije kompletna bez spominjanja Milo\u0161evih omiljenih<br \/>\nSakramento Kingsa! Malo smo pro\u010de\u0161ljali i Los An\u0111eles Kliperse,<br \/>\nkoji se uprkos stvarno u\u017easnim metrikama odr\u017eavaju u plej-of<br \/>\nkonkurenciji \u2013 i kako Edin podvla\u010di, bi\u0107e vrlo nezgodni kad bude<br \/>\nnajpotrebnije.Tu je i standardna porcija razgovora o Golden Stejtu i<br \/>\nLejkersima, koji su prosto neizbe\u017ene teme u zapadnom pregledu.<\/p>\n<p>Ukratko \u2013 kako ste ve\u0107 navikli, sve mogu\u0107e teme su obra\u0111ene<br \/>\nunutar ovih sat i ne\u0161to. U\u017eivajte, pa se vidimo slede\u0107e nedelje!<\/p>","protected":false},"excerpt":{"rendered":"<p>Bi\u0107e bolje \u2013 neko vi\u010de, ali na zapadu ipak ima noviteta. Jedan od njih je i to da, makar u trenutku pisanja ovog propratnog teksta, zapadna konferencija ima novog lidera. Re\u010d je o ekipi Nju Orleans Pelikansa, koji trenutno igraju fantasti\u010dnu ko\u0161arku! Edin i Milo\u0161 u novoj epizodi NBA podkasta posve\u0107uju ne\u0161to vi\u0161e vremena popularnim&#8230;<\/p>","protected":false},"author":3,"featured_media":25637,"comment_status":"open","ping_status":"closed","sticky":false,"template":"","format":"audio","meta":{"footnotes":""},"categories":[203],"tags":[],"class_list":["post-61811","post","type-post","status-publish","format-audio","has-post-thumbnail","hentry","category-sesta-licna","post_format-post-format-audio"],"_links":{"self":[{"href":"https:\/\/podcast.rs\/en\/wp-json\/wp\/v2\/posts\/61811","targetHints":{"allow":["GET"]}}],"collection":[{"href":"https:\/\/podcast.rs\/en\/wp-json\/wp\/v2\/posts"}],"about":[{"href":"https:\/\/podcast.rs\/en\/wp-json\/wp\/v2\/types\/post"}],"author":[{"embeddable":true,"href":"https:\/\/podcast.rs\/en\/wp-json\/wp\/v2\/users\/3"}],"replies":[{"embeddable":true,"href":"https:\/\/podcast.rs\/en\/wp-json\/wp\/v2\/comments?post=61811"}],"version-history":[{"count":1,"href":"https:\/\/podcast.rs\/en\/wp-json\/wp\/v2\/posts\/61811\/revisions"}],"predecessor-version":[{"id":61812,"href":"https:\/\/podcast.rs\/en\/wp-json\/wp\/v2\/posts\/61811\/revisions\/61812"}],"wp:featuredmedia":[{"embeddable":true,"href":"https:\/\/podcast.rs\/en\/wp-json\/wp\/v2\/media\/25637"}],"wp:attachment":[{"href":"https:\/\/podcast.rs\/en\/wp-json\/wp\/v2\/media?parent=61811"}],"wp:term":[{"taxonomy":"category","embeddable":true,"href":"https:\/\/podcast.rs\/en\/wp-json\/wp\/v2\/categories?post=61811"},{"taxonomy":"post_tag","embeddable":true,"href":"https:\/\/podcast.rs\/en\/wp-json\/wp\/v2\/tags?post=61811"}],"curies":[{"name":"wp","href":"https:\/\/api.w.org\/{rel}","templated":true}]}}