{"id":61748,"date":"2022-12-13T20:42:31","date_gmt":"2022-12-13T19:42:31","guid":{"rendered":"https:\/\/podcast.rs\/?p=61748"},"modified":"2022-12-13T22:33:52","modified_gmt":"2022-12-13T20:33:52","slug":"sesta-licna-s5a05-evro-derbi-za-istoriju","status":"publish","type":"post","link":"https:\/\/podcast.rs\/en\/sesta-licna-s5a05-evro-derbi-za-istoriju\/","title":{"rendered":"\u0160ESTA LI\u010cNA: S5A05 \u2013 Evro-derbi Za Istoriju!"},"content":{"rendered":"<p>Novo kolo ABA, novi podkast \u2013 i novi neuspeli poku\u0161aj Partizana da<br \/>\npobedi u Ljubljani! Ali, prvo i re\u010d dve o istorijskom prvom evro-<br \/>\nderbiju koji je odigran u nedelji za nama.<br \/>\nPo prvi put u istoriji ko\u0161arke, Crvena Zvezda i Partizan susreli su se<br \/>\nu evropskom takmi\u010denju. Zahvaljuju\u0107i majstoriji Luke Vildose, kao i<br \/>\nprisebnosti Nemanje Nedovi\u0107a u odlu\u010duju\u0107im momentima, u<br \/>\nknjigama \u0107e stajati da je u ovom istorijskom susretu slavila Crvena<br \/>\nZvezda. Videli smo jednu odli\u010dnu, napetu utakmicu u kojoj su se obe<\/p>\n<p>ekipe smenjivale sa periodima nadmo\u0107i, ali zavr\u0161nica je ipak pripala<br \/>\ncrveno-belima. Nakon \u010distog proma\u0161aja Kevina Pantera, Vildosa je<br \/>\nkrenuo na prodor i na\u0161ao slobodnog Nedovi\u0107a u korneru \u2013<br \/>\nreprezentativac Srbije je pogodio trojku za pobedu i veliko slavlje<br \/>\nZvezdinih navija\u010da!<br \/>\nPoraz u ovom susretu bio bi sam po sebi dovoljno velika muka za<br \/>\ncrno-bele, ali nesre\u0107e nikad ne nailaze same. Naime, otkako se<br \/>\n\u017deljko Obradovi\u0107 vratio u regionalnu ko\u0161arku, Partizan je svakog<br \/>\nprotivnika pobedio makar jednom&#8230;sem Cedevite Olimpije. Tim<br \/>\nJurice Golemca je pro\u0161le sezone oba puta trijumfovao nad crno-<br \/>\nbelima, a taj niz nastavio se i u tre\u0107em me\u0111usobnom okr\u0161aju ova<br \/>\ndva stratega. Cedevita je u napetom me\u010du slavila sa 77-74, nanela<br \/>\nPartizanu drugi poraz u tri dana i tako dodatno zakomplikovala stvari<br \/>\nna tabeli!<br \/>\nU odli\u010dnoj utakmici, uglavnom su doma\u0107i dr\u017eali inicijativu, mada su<br \/>\ncrno-beli stigli i prestigli \u201ezmajeve\u201c u samom fini\u0161u, \u0161to je dovelo do<br \/>\nuzbudljive zavr\u0161nice. Previ\u0161e gre\u0161aka i u napadu i odbrani me\u0111utim<br \/>\nkumovalo je porazu crno-belih, a sa druge strane, Jogi Ferel i<br \/>\ndru\u0161tvo su pru\u017eenu \u0161ansu iskoristili na najbolji mogu\u0107i na\u010din.<br \/>\nPartizan sada ima dva poraza u ABA Ligi, kao i \u010detiri vezana u<br \/>\nEvropi, a raspored je neumoljiv \u2013 slede me\u010devi sa Asvelom i<br \/>\nEfesom, a onda i sa FMP-om u regionalnom takmi\u010denju&#8230;<br \/>\n\u0160to se Crvene Zvezde ti\u010de, ona sa Du\u0161kom Ivanovi\u0107em i dalje ne<br \/>\nzna za poraz. Nakon uzbudljivog derbija, usledila je rutinska<br \/>\nutakmica protiv Mornara, gde su crveno-beli stigli i da daju minute<br \/>\nnekim manje kori\u0161\u0107enim igra\u010dima poput Dalibora Ili\u0107a i Miroslava<br \/>\nRaduljice. Nije gostima pomogla ni nova poenterski kvalitetna partija<br \/>\nFetsa Rasela \u2013 u ovom trenutku, Zvezda izgleda prosto<br \/>\nnepobedivo&#8230;ali nijedan niz ne traje doveka, pa \u0107emo videti kako \u0107e<br \/>\nse odigrati naredna dva me\u010da u Evroligi protiv \u017dalgirisa i Milana.<br \/>\nU drugim vestima iz regiona \u2013 ispratite \u0161ta \u0107emo re\u0107i o pobedi Borca<br \/>\nu Skopju, novom iznena\u0111enju Zadra (da li su to vi\u0161e i iznena\u0111enja<br \/>\ndodu\u0161e?), i \u0161uterskoj rapsodiji Trenta Frejzera. Posvetite ovaj sat<br \/>\njadranskoj ko\u0161arci, pa se \u010dujemo u \u010detvrtak za NBA!<\/p>","protected":false},"excerpt":{"rendered":"<p>Novo kolo ABA, novi podkast \u2013 i novi neuspeli poku\u0161aj Partizana da pobedi u Ljubljani! Ali, prvo i re\u010d dve o istorijskom prvom evro- derbiju koji je odigran u nedelji za nama. Po prvi put u istoriji ko\u0161arke, Crvena Zvezda i Partizan susreli su se u evropskom takmi\u010denju. Zahvaljuju\u0107i majstoriji Luke Vildose, kao i prisebnosti&#8230;<\/p>","protected":false},"author":3,"featured_media":25637,"comment_status":"open","ping_status":"closed","sticky":false,"template":"","format":"audio","meta":{"footnotes":""},"categories":[203],"tags":[],"class_list":["post-61748","post","type-post","status-publish","format-audio","has-post-thumbnail","hentry","category-sesta-licna","post_format-post-format-audio"],"_links":{"self":[{"href":"https:\/\/podcast.rs\/en\/wp-json\/wp\/v2\/posts\/61748","targetHints":{"allow":["GET"]}}],"collection":[{"href":"https:\/\/podcast.rs\/en\/wp-json\/wp\/v2\/posts"}],"about":[{"href":"https:\/\/podcast.rs\/en\/wp-json\/wp\/v2\/types\/post"}],"author":[{"embeddable":true,"href":"https:\/\/podcast.rs\/en\/wp-json\/wp\/v2\/users\/3"}],"replies":[{"embeddable":true,"href":"https:\/\/podcast.rs\/en\/wp-json\/wp\/v2\/comments?post=61748"}],"version-history":[{"count":1,"href":"https:\/\/podcast.rs\/en\/wp-json\/wp\/v2\/posts\/61748\/revisions"}],"predecessor-version":[{"id":61749,"href":"https:\/\/podcast.rs\/en\/wp-json\/wp\/v2\/posts\/61748\/revisions\/61749"}],"wp:featuredmedia":[{"embeddable":true,"href":"https:\/\/podcast.rs\/en\/wp-json\/wp\/v2\/media\/25637"}],"wp:attachment":[{"href":"https:\/\/podcast.rs\/en\/wp-json\/wp\/v2\/media?parent=61748"}],"wp:term":[{"taxonomy":"category","embeddable":true,"href":"https:\/\/podcast.rs\/en\/wp-json\/wp\/v2\/categories?post=61748"},{"taxonomy":"post_tag","embeddable":true,"href":"https:\/\/podcast.rs\/en\/wp-json\/wp\/v2\/tags?post=61748"}],"curies":[{"name":"wp","href":"https:\/\/api.w.org\/{rel}","templated":true}]}}