{"id":61624,"date":"2022-12-09T17:30:08","date_gmt":"2022-12-09T16:30:08","guid":{"rendered":"https:\/\/podcast.rs\/?p=61624"},"modified":"2022-12-09T20:20:01","modified_gmt":"2022-12-09T18:20:01","slug":"premijera-nove-predstave-nade-kokotovic-tvoj-korzo-petkom","status":"publish","type":"post","link":"https:\/\/podcast.rs\/en\/premijera-nove-predstave-nade-kokotovic-tvoj-korzo-petkom\/","title":{"rendered":"Premijera nove predstave Nade Kokotovi\u0107 \u2013 Tvoj Korzo petkom!"},"content":{"rendered":"<p>      U ovom podkastu dru\u017eimo se sa \u010duvenom koreografkinjom i rediteljkom Nadom Kokotovi\u0107. U sredu, 14. decembra u kelnskom pozori\u0161tu &#8222;Theater der Keller&#8220; premijerno \u0107e biti izvedena njena predstava \u201eM\u00e4dchenschule&#8220; \u2013 der Wille zur Demokratie\u201c u prevodu \u201eDevoja\u010dka \u0161kola \u2013 volja za demokratijom\u201c.  Naredni termini su 15., 28. i 29. decembar, 26. i 27. januar i 10. februar 2023. godine. Sa kolegom Zoranom Sto\u0161i\u0107em iz Zagreba, razgovaramo o alternativi u muzici.<\/p>","protected":false},"excerpt":{"rendered":"<p>U ovom podkastu dru\u017eimo se sa \u010duvenom koreografkinjom i rediteljkom Nadom Kokotovi\u0107. U sredu, 14. decembra u kelnskom pozori\u0161tu &#8222;Theater der Keller&#8220; premijerno \u0107e biti izvedena njena predstava \u201eM\u00e4dchenschule&#8220; \u2013 der Wille zur Demokratie\u201c u prevodu \u201eDevoja\u010dka \u0161kola \u2013 volja za demokratijom\u201c. Naredni termini su 15., 28. i 29. decembar, 26. i 27. januar i&#8230;<\/p>","protected":false},"author":3,"featured_media":48737,"comment_status":"close","ping_status":"closed","sticky":false,"template":"","format":"audio","meta":{"footnotes":""},"categories":[183],"tags":[],"class_list":["post-61624","post","type-post","status-publish","format-audio","has-post-thumbnail","hentry","category-cosmo","post_format-post-format-audio"],"_links":{"self":[{"href":"https:\/\/podcast.rs\/en\/wp-json\/wp\/v2\/posts\/61624","targetHints":{"allow":["GET"]}}],"collection":[{"href":"https:\/\/podcast.rs\/en\/wp-json\/wp\/v2\/posts"}],"about":[{"href":"https:\/\/podcast.rs\/en\/wp-json\/wp\/v2\/types\/post"}],"author":[{"embeddable":true,"href":"https:\/\/podcast.rs\/en\/wp-json\/wp\/v2\/users\/3"}],"replies":[{"embeddable":true,"href":"https:\/\/podcast.rs\/en\/wp-json\/wp\/v2\/comments?post=61624"}],"version-history":[{"count":1,"href":"https:\/\/podcast.rs\/en\/wp-json\/wp\/v2\/posts\/61624\/revisions"}],"predecessor-version":[{"id":61625,"href":"https:\/\/podcast.rs\/en\/wp-json\/wp\/v2\/posts\/61624\/revisions\/61625"}],"wp:featuredmedia":[{"embeddable":true,"href":"https:\/\/podcast.rs\/en\/wp-json\/wp\/v2\/media\/48737"}],"wp:attachment":[{"href":"https:\/\/podcast.rs\/en\/wp-json\/wp\/v2\/media?parent=61624"}],"wp:term":[{"taxonomy":"category","embeddable":true,"href":"https:\/\/podcast.rs\/en\/wp-json\/wp\/v2\/categories?post=61624"},{"taxonomy":"post_tag","embeddable":true,"href":"https:\/\/podcast.rs\/en\/wp-json\/wp\/v2\/tags?post=61624"}],"curies":[{"name":"wp","href":"https:\/\/api.w.org\/{rel}","templated":true}]}}