{"id":615273,"date":"2025-11-23T18:29:23","date_gmt":"2025-11-23T16:29:23","guid":{"rendered":"https:\/\/podcast.rs\/smrt-nije-romanticna-stefan-djordjevic-reditelj-agelast-312\/"},"modified":"2026-04-29T04:06:11","modified_gmt":"2026-04-29T02:06:11","slug":"smrt-nije-romanticna-stefan-djordjevic-reditelj-agelast-312","status":"publish","type":"post","link":"https:\/\/podcast.rs\/en\/smrt-nije-romanticna-stefan-djordjevic-reditelj-agelast-312\/","title":{"rendered":"\u201eSmrt nije romanti\u010dna\u201c | Stefan \u0110or\u0111evi\u0107, reditelj | Agelast 312"},"content":{"rendered":"<p>Podr\u017eite nas na Patreonu: <a href=\"https:\/\/www.patreon.com\/agelast\">https:\/\/www.patreon.com\/agelast<\/a><br \/>Jednokratne donacije kanalu: <a href=\"https:\/\/www.paypal.me\/agelastpodcast\">https:\/\/www.paypal.me\/agelastpodcast<\/a><br \/>Kripto donacije: BTC: 1BdrToPVPRbMtzPkdX8z3wviTHZZyzqD7w<br \/>ETH: 0xe189975f215102DD2e2442B060D00b524a608167<br \/>FB: <a href=\"https:\/\/www.facebook.com\/galebnikacevic\">https:\/\/www.facebook.com\/galebnikacevic<\/a><br \/>Instagram: <a href=\"https:\/\/www.instagram.com\/agelast_\/\">https:\/\/www.instagram.com\/agelast_\/<\/a><br \/>Twitter: <a href=\"https:\/\/twitter.com\/GalebNikacevic\">https:\/\/twitter.com\/GalebNikacev<\/a><\/p>\n<p>A1: <a href=\"https:\/\/a1.rs\/privatni\">https:\/\/a1.rs\/privatni<\/a><\/p>\n<p>Mazda:<br \/>1. Web: <a href=\"https:\/\/www.youtube.com\/redirect?event=video_description&amp;redir_token=QUFFLUhqa2RGV2lrbk1fLVlRX2R2MkV4OUJtYUdMNmFMd3xBQ3Jtc0ttcmJrbDdlSmZFS3FLd2lkVEpiRGMzcGt6N3c1TG94VTJteWMxNVRTV2FEbm5nMzQzbEJwRmxmWk11OGRqc0hJZ2NMOHFfMFRHOHd5WjdqUVJDTDRGZXZXM1RsYThmaGs5YXp4bDZsakpTMDRLdE5sdw&amp;q=https%3A%2F%2Fwww.mazda.rs%2F&amp;v=UIZV5yy4J6A\">https:\/\/www.mazda.rs<\/a><br \/>2. Facebook: <a href=\"https:\/\/www.youtube.com\/redirect?event=video_description&amp;redir_token=QUFFLUhqay1yZDduMmlCLUM3bDNJN3ZrbTZsZjFYVEl6UXxBQ3Jtc0tuNGNXZG9EM1JMUWJCeHRhbUM1OUF3OUZ6SmNqOVJKSThGWGF1ZXdEYUdMNXcwLWhfTVo2WG00clJSVFpvdHJzc1VuTGtaSXE4bTl0T2w0LXh5TGVBX0d0aXVlMEJ1a0hjUEV0TWx2b1N5TlBYS0pDSQ&amp;q=https%3A%2F%2Fwww.facebook.com%2FMazdaSrbija&amp;v=UIZV5yy4J6A\">\u00a0<\/a><a href=\"https:\/\/www.youtube.com\/redirect?event=video_description&amp;redir_token=QUFFLUhqay1yZDduMmlCLUM3bDNJN3ZrbTZsZjFYVEl6UXxBQ3Jtc0tuNGNXZG9EM1JMUWJCeHRhbUM1OUF3OUZ6SmNqOVJKSThGWGF1ZXdEYUdMNXcwLWhfTVo2WG00clJSVFpvdHJzc1VuTGtaSXE4bTl0T2w0LXh5TGVBX0d0aXVlMEJ1a0hjUEV0TWx2b1N5TlBYS0pDSQ&amp;q=https%3A%2F%2Fwww.facebook.com%2FMazdaSrbija&amp;v=UIZV5yy4J6A\"><\/a><a href=\"https:\/\/www.youtube.com\/redirect?event=video_description&amp;redir_token=QUFFLUhqay1yZDduMmlCLUM3bDNJN3ZrbTZsZjFYVEl6UXxBQ3Jtc0tuNGNXZG9EM1JMUWJCeHRhbUM1OUF3OUZ6SmNqOVJKSThGWGF1ZXdEYUdMNXcwLWhfTVo2WG00clJSVFpvdHJzc1VuTGtaSXE4bTl0T2w0LXh5TGVBX0d0aXVlMEJ1a0hjUEV0TWx2b1N5TlBYS0pDSQ&amp;q=https%3A%2F%2Fwww.facebook.com%2FMazdaSrbija&amp;v=UIZV5yy4J6A\">\/ mazdasrbija<\/a><br \/>3. Instagram: <a href=\"https:\/\/www.youtube.com\/redirect?event=video_description&amp;redir_token=QUFFLUhqa0JaYVFjTDRfY3BXMThMWUU1eG1SdHhWRUZ1d3xBQ3Jtc0trbUt0eXV6Nk9LS3BjUDlKaHNTa2l5WWY2M1FWM1hWdmRsbEJyU19XUG5vOERybXFZV0hoVTZydG9sYmpHalBHdXNRRDFrQ2o0Vk5BTE9FOHEzUVczal9KOHp0dWEyYUtiZm16RnVlbzJsMHdIR09DOA&amp;q=https%3A%2F%2Fwww.instagram.com%2Fmazda.rs%2F&amp;v=UIZV5yy4J6A\">\u00a0<\/a><a href=\"https:\/\/www.youtube.com\/redirect?event=video_description&amp;redir_token=QUFFLUhqa0JaYVFjTDRfY3BXMThMWUU1eG1SdHhWRUZ1d3xBQ3Jtc0trbUt0eXV6Nk9LS3BjUDlKaHNTa2l5WWY2M1FWM1hWdmRsbEJyU19XUG5vOERybXFZV0hoVTZydG9sYmpHalBHdXNRRDFrQ2o0Vk5BTE9FOHEzUVczal9KOHp0dWEyYUtiZm16RnVlbzJsMHdIR09DOA&amp;q=https%3A%2F%2Fwww.instagram.com%2Fmazda.rs%2F&amp;v=UIZV5yy4J6A\"><\/a><a href=\"https:\/\/www.youtube.com\/redirect?event=video_description&amp;redir_token=QUFFLUhqa0JaYVFjTDRfY3BXMThMWUU1eG1SdHhWRUZ1d3xBQ3Jtc0trbUt0eXV6Nk9LS3BjUDlKaHNTa2l5WWY2M1FWM1hWdmRsbEJyU19XUG5vOERybXFZV0hoVTZydG9sYmpHalBHdXNRRDFrQ2o0Vk5BTE9FOHEzUVczal9KOHp0dWEyYUtiZm16RnVlbzJsMHdIR09DOA&amp;q=https%3A%2F%2Fwww.instagram.com%2Fmazda.rs%2F&amp;v=UIZV5yy4J6A\"> \/ mazda.rs<\/a><\/p>\n<p>Stefan \u0110or\u0111evi\u0107 je reditelj i fotograf koji je svojim debitantskim dugometra\u017enim ostvarenjem \u201eVetre, pri\u010daj sa mnom&#8220;, na kojem je bio reditelj i scenarista, osvojio kritiku i publiku na brojnim festivalima, od premijere u Roterdamu, pa sve do nagrade \u201eSrce Sarajeva&#8220;, za najbolji igrani film na Sarajevo film festivalu ove godine. Razgovor smo snimili uo\u010di njegove beogradske premijere na Festivalu autorskog filma i iskoristili smo priliku da govorimo, ne samo o hrabrim i inovativnim odlukama koje u formi, stilu i narativu odlikuju ovo ostvarenje, ve\u0107 i o upu\u0161tanju u jednu intimnu ispovest \u010diji se pripoveda\u010dki i umetni\u010dki ton pretapaju iz dokumentarnog i testimonijalnog u igranu umetni\u010dku formu koja li\u010dno uzdi\u017ee na univerzalni plan pri\u010de o ljubavi, smrti i suo\u010davanju sa gubitkom. Stefan je, izme\u0111u ostalog, \u0161iroj javnosti mo\u017eda poznat i kao jedan od glavnih glumaca (zajedno sa Markom Todorovi\u0107em \u2014 Todom), u filmu Nikole Le\u017eai\u0107a, \u201eTilva ro\u0161&#8220;, koji je 2010. godine ugledao svetlost dana i uneo talas sve\u017eeg vazduha u doma\u0107oj kinematografiji, kako tematskim celinama, tako i svojim autenti\u010dnim izrazom, a koji je, pak, inspirisan amaterskim dokumentarnim materijalom \u201eCrap&#8220;, koji su Toda i Stefan snimali u tom periodu. Pred ovih ostvarenja, sa Stefanom smo razgovarali i o brojnim drugim temama, od njegovog stvarala\u0161tva (pored ve\u0107 pomenutih filmova), preko odrastanja i \u017eivota u Boru; jednom od najpoznatijih rudarskih centara na prostoru biv\u0161e Jugoslavije, pa sve do skejt kulture, supkulture, kao i brojnih drugih tema.<\/p>\n<p>Instagram:<\/p>\n<p>Galeb Nika\u010devi\u0107 Hasci-Jare: <a href=\"https:\/\/www.instagram.com\/agelast_\/\">https:\/\/www.instagram.com\/agelast_\/<\/a><\/p>\n<p>Sandra Planojevi\u0107: <a href=\"https:\/\/www.instagram.com\/run_lola_run_7\/\">https:\/\/www.instagram.com\/run_lola_run_7\/<\/a><\/p>\n<p>Audio: Marko Ignjatovi\u0107<\/p>\n<p>Instagram:<\/p>\n<p>Galeb Nika\u010devi\u0107 Hasci-Jare: <a href=\"https:\/\/www.instagram.com\/agelast_\/\">https:\/\/www.instagram.com\/agelast_\/<\/a><\/p>\n<p>Sandra Planojevi\u0107: <a href=\"https:\/\/www.instagram.com\/run_lola_run_7\/\">https:\/\/www.instagram.com\/run_lola_run_7\/<\/a><\/p>","protected":false},"excerpt":{"rendered":"<p>Podr\u017eite nas na Patreonu: https:\/\/www.patreon.com\/agelastJednokratne donacije kanalu: https:\/\/www.paypal.me\/agelastpodcastKripto donacije: BTC: 1BdrToPVPRbMtzPkdX8z3wviTHZZyzqD7wETH: 0xe189975f215102DD2e2442B060D00b524a608167FB: https:\/\/www.facebook.com\/galebnikacevicInstagram: https:\/\/www.instagram.com\/agelast_\/Twitter: https:\/\/twitter.com\/GalebNikacev A1: https:\/\/a1.rs\/privatni Mazda:1. Web: https:\/\/www.mazda.rs2. Facebook: \u00a0\/ mazdasrbija3. Instagram: \u00a0 \/ mazda.rs Stefan \u0110or\u0111evi\u0107 je reditelj i fotograf koji je svojim debitantskim dugometra\u017enim ostvarenjem \u201eVetre, pri\u010daj sa mnom&#8220;, na kojem je bio reditelj i scenarista, osvojio kritiku i publiku na&#8230;<\/p>","protected":false},"author":3,"featured_media":642084,"comment_status":"closed","ping_status":"closed","sticky":false,"template":"","format":"standard","meta":{"footnotes":""},"categories":[27],"tags":[],"class_list":["post-615273","post","type-post","status-publish","format-standard","has-post-thumbnail","hentry","category-agelast"],"_links":{"self":[{"href":"https:\/\/podcast.rs\/en\/wp-json\/wp\/v2\/posts\/615273","targetHints":{"allow":["GET"]}}],"collection":[{"href":"https:\/\/podcast.rs\/en\/wp-json\/wp\/v2\/posts"}],"about":[{"href":"https:\/\/podcast.rs\/en\/wp-json\/wp\/v2\/types\/post"}],"author":[{"embeddable":true,"href":"https:\/\/podcast.rs\/en\/wp-json\/wp\/v2\/users\/3"}],"replies":[{"embeddable":true,"href":"https:\/\/podcast.rs\/en\/wp-json\/wp\/v2\/comments?post=615273"}],"version-history":[{"count":15,"href":"https:\/\/podcast.rs\/en\/wp-json\/wp\/v2\/posts\/615273\/revisions"}],"predecessor-version":[{"id":682147,"href":"https:\/\/podcast.rs\/en\/wp-json\/wp\/v2\/posts\/615273\/revisions\/682147"}],"wp:featuredmedia":[{"embeddable":true,"href":"https:\/\/podcast.rs\/en\/wp-json\/wp\/v2\/media\/642084"}],"wp:attachment":[{"href":"https:\/\/podcast.rs\/en\/wp-json\/wp\/v2\/media?parent=615273"}],"wp:term":[{"taxonomy":"category","embeddable":true,"href":"https:\/\/podcast.rs\/en\/wp-json\/wp\/v2\/categories?post=615273"},{"taxonomy":"post_tag","embeddable":true,"href":"https:\/\/podcast.rs\/en\/wp-json\/wp\/v2\/tags?post=615273"}],"curies":[{"name":"wp","href":"https:\/\/api.w.org\/{rel}","templated":true}]}}