{"id":61204,"date":"2022-11-29T17:30:19","date_gmt":"2022-11-29T16:30:19","guid":{"rendered":"https:\/\/podcast.rs\/?p=61204"},"modified":"2022-11-29T22:21:04","modified_gmt":"2022-11-29T20:21:04","slug":"pre-sto-godina-rodjen-je-pisac-i-pesnik-dusko-radovic","status":"publish","type":"post","link":"https:\/\/podcast.rs\/en\/pre-sto-godina-rodjen-je-pisac-i-pesnik-dusko-radovic\/","title":{"rendered":"Pre sto godina ro\u0111en je pisac i pesnik Du\u0161ko Radovi\u0107"},"content":{"rendered":"<p>      Ta\u010dno pre sto godina, 29.11. 1922., ro\u0111en je Du\u0161ko Radovi\u0107, srpski pesnik, pisac i novinar. Imao je veoma  bogatu karijeru, objavljivao je pesme i pri\u010de za decu i odrasle, bio je dramaturg, a najpoznatiji su verovatno njegovi \u010duveni aforizmi i kratke pri\u010de kojima je sedamdesetih i osamdesetih slu\u0161aoce Studija B budio rubrikom \u201eBeograde, dobro jutro\u201c. O fenomenu Du\u0161ka Radovi\u0107a govori na\u0161 dopisnik iz Beograda, Aleksandar Timofejev i nekada\u0161nja Du\u0161kova saradnica, novinarka Brana Milunov.<\/p>","protected":false},"excerpt":{"rendered":"<p>Ta\u010dno pre sto godina, 29.11. 1922., ro\u0111en je Du\u0161ko Radovi\u0107, srpski pesnik, pisac i novinar. Imao je veoma bogatu karijeru, objavljivao je pesme i pri\u010de za decu i odrasle, bio je dramaturg, a najpoznatiji su verovatno njegovi \u010duveni aforizmi i kratke pri\u010de kojima je sedamdesetih i osamdesetih slu\u0161aoce Studija B budio rubrikom \u201eBeograde, dobro jutro\u201c&#8230;.<\/p>","protected":false},"author":3,"featured_media":48737,"comment_status":"close","ping_status":"closed","sticky":false,"template":"","format":"audio","meta":{"footnotes":""},"categories":[183],"tags":[],"class_list":["post-61204","post","type-post","status-publish","format-audio","has-post-thumbnail","hentry","category-cosmo","post_format-post-format-audio"],"_links":{"self":[{"href":"https:\/\/podcast.rs\/en\/wp-json\/wp\/v2\/posts\/61204","targetHints":{"allow":["GET"]}}],"collection":[{"href":"https:\/\/podcast.rs\/en\/wp-json\/wp\/v2\/posts"}],"about":[{"href":"https:\/\/podcast.rs\/en\/wp-json\/wp\/v2\/types\/post"}],"author":[{"embeddable":true,"href":"https:\/\/podcast.rs\/en\/wp-json\/wp\/v2\/users\/3"}],"replies":[{"embeddable":true,"href":"https:\/\/podcast.rs\/en\/wp-json\/wp\/v2\/comments?post=61204"}],"version-history":[{"count":1,"href":"https:\/\/podcast.rs\/en\/wp-json\/wp\/v2\/posts\/61204\/revisions"}],"predecessor-version":[{"id":61205,"href":"https:\/\/podcast.rs\/en\/wp-json\/wp\/v2\/posts\/61204\/revisions\/61205"}],"wp:featuredmedia":[{"embeddable":true,"href":"https:\/\/podcast.rs\/en\/wp-json\/wp\/v2\/media\/48737"}],"wp:attachment":[{"href":"https:\/\/podcast.rs\/en\/wp-json\/wp\/v2\/media?parent=61204"}],"wp:term":[{"taxonomy":"category","embeddable":true,"href":"https:\/\/podcast.rs\/en\/wp-json\/wp\/v2\/categories?post=61204"},{"taxonomy":"post_tag","embeddable":true,"href":"https:\/\/podcast.rs\/en\/wp-json\/wp\/v2\/tags?post=61204"}],"curies":[{"name":"wp","href":"https:\/\/api.w.org\/{rel}","templated":true}]}}