{"id":60911,"date":"2022-11-21T17:45:37","date_gmt":"2022-11-21T16:45:37","guid":{"rendered":"https:\/\/podcast.rs\/?p=60911"},"modified":"2022-11-21T22:20:41","modified_gmt":"2022-11-21T20:20:41","slug":"crna-gora-u-dubokoj-politickoj-krizi","status":"publish","type":"post","link":"https:\/\/podcast.rs\/en\/crna-gora-u-dubokoj-politickoj-krizi\/","title":{"rendered":"Crna Gora u dubokoj politi\u010dkoj krizi"},"content":{"rendered":"<p>      Ustavni sud Crne Gore je u blokadi. Tanka parlamentarna ve\u0107ina poku\u0161ava izglasati novu vladu dok opozicija organizuje masovne proteste uz tvrdnju da je na djelu ustavni pu\u010d. Crna Gora u za\u010daranom krugu? Reporterka Vesna Rajkovi\u0107 Nenadi\u0107 se javlja iz Podgorice i poja\u0161njava ko su klju\u010dni akteri, \u0161ta su njihovi interesi i gdje politi\u010dki stoje? Profesor Fakulteta politi\u010dkih nauka, Zlatko Vujovi\u0107, iznosi analizu situacije u Crnoj Gori i odgovara na pitanje kako iza\u0107i iz politi\u010dke krize.<\/p>","protected":false},"excerpt":{"rendered":"<p>Ustavni sud Crne Gore je u blokadi. Tanka parlamentarna ve\u0107ina poku\u0161ava izglasati novu vladu dok opozicija organizuje masovne proteste uz tvrdnju da je na djelu ustavni pu\u010d. Crna Gora u za\u010daranom krugu? Reporterka Vesna Rajkovi\u0107 Nenadi\u0107 se javlja iz Podgorice i poja\u0161njava ko su klju\u010dni akteri, \u0161ta su njihovi interesi i gdje politi\u010dki stoje? Profesor&#8230;<\/p>","protected":false},"author":3,"featured_media":48737,"comment_status":"close","ping_status":"closed","sticky":false,"template":"","format":"audio","meta":{"footnotes":""},"categories":[183],"tags":[],"class_list":["post-60911","post","type-post","status-publish","format-audio","has-post-thumbnail","hentry","category-cosmo","post_format-post-format-audio"],"_links":{"self":[{"href":"https:\/\/podcast.rs\/en\/wp-json\/wp\/v2\/posts\/60911","targetHints":{"allow":["GET"]}}],"collection":[{"href":"https:\/\/podcast.rs\/en\/wp-json\/wp\/v2\/posts"}],"about":[{"href":"https:\/\/podcast.rs\/en\/wp-json\/wp\/v2\/types\/post"}],"author":[{"embeddable":true,"href":"https:\/\/podcast.rs\/en\/wp-json\/wp\/v2\/users\/3"}],"replies":[{"embeddable":true,"href":"https:\/\/podcast.rs\/en\/wp-json\/wp\/v2\/comments?post=60911"}],"version-history":[{"count":1,"href":"https:\/\/podcast.rs\/en\/wp-json\/wp\/v2\/posts\/60911\/revisions"}],"predecessor-version":[{"id":60912,"href":"https:\/\/podcast.rs\/en\/wp-json\/wp\/v2\/posts\/60911\/revisions\/60912"}],"wp:featuredmedia":[{"embeddable":true,"href":"https:\/\/podcast.rs\/en\/wp-json\/wp\/v2\/media\/48737"}],"wp:attachment":[{"href":"https:\/\/podcast.rs\/en\/wp-json\/wp\/v2\/media?parent=60911"}],"wp:term":[{"taxonomy":"category","embeddable":true,"href":"https:\/\/podcast.rs\/en\/wp-json\/wp\/v2\/categories?post=60911"},{"taxonomy":"post_tag","embeddable":true,"href":"https:\/\/podcast.rs\/en\/wp-json\/wp\/v2\/tags?post=60911"}],"curies":[{"name":"wp","href":"https:\/\/api.w.org\/{rel}","templated":true}]}}