{"id":60861,"date":"2022-11-20T09:15:01","date_gmt":"2022-11-20T08:15:01","guid":{"rendered":"https:\/\/podcast.rs\/?p=60861"},"modified":"2022-11-20T12:00:27","modified_gmt":"2022-11-20T10:00:27","slug":"marko-obradovic-edge-fotograf-videograf-muzicar-madjionicar-dizajner-enterijera-fusnota-46","status":"publish","type":"post","link":"https:\/\/podcast.rs\/en\/marko-obradovic-edge-fotograf-videograf-muzicar-madjionicar-dizajner-enterijera-fusnota-46\/","title":{"rendered":"Marko Obradovi\u0107 Edge &#8211; fotograf,  videograf, muzi\u010dar, ma\u0111ioni\u010dar, dizajner enterijera | Fusnota 46"},"content":{"rendered":"<p>Podr\u017ei *fusnota podkast https:\/\/www.paypal.com\/paypalme\/alex5rovski<br \/>\nMarko Obradovi\u0107 Edge ka\u017ee da njegovo predstavljanje neretko zavisi od sezone i aktuelnosti na kojima trenutno radi, mada kojom god titulom da ga ljudi predstave on ih ih koriguje da je dizajner jer za to ima fakultetsku diplomu da potkrepi. Ipak, na kraju razgovora do\u0161li smo do toga da je njegov prvi posao, jo\u0161 krajem osnovne \u0161kole je radio kao ma\u0111ioni\u010dar, bitno uticao na sve \u0161to on u su\u0161tini danas jeste.<br \/>\n&#8222;Ja sam klinac koji se mnogo lo\u017ei na ono \u0161to radi, moj entuzijazam ponekad mo\u017ee da deluje odbojno&#8220;, rekao mi je Marko dodaju\u0107i da sada \u017eivi 4. mladost i da mu je najbolja preporuka za ve\u0107inu anga\u017emana bila to \u0161to prevazi\u0111e o\u010dekivanja.<br \/>\nVi\u0161e puta je po\u010dinjao ispo\u010detka i iz vi\u0161egodi\u0161njeg iskustva otkrio mi je svoju Teoriju funkcionisanja, priznao da kao i svi kreativci pati od odugovla\u010denja, ali da je na\u0161ao lek za to. Otkrio mi je i kako ne presu\u0161e njegove \u0161a\u0161ave ideje, kako su neke od njih realizovane i koji projekti su nenaplativi. Pri\u010dali smo i o samokriti\u010dnosti, eti\u010dnom odnosu prema tu\u0111im idejama i kako ga je kr\u0161enje pravila (zbog neznanja) na po\u010detku karijere, zapravo, proslavilo.<br \/>\n&#8212;-<br \/>\n\ud83d\udc4d Pokrovitelj pitanja &#8222;Za \u0161ta uvek imate vremena?&#8220; je GRAND KAFA, koja nam poru\u010duje: Hajde da imamo vremena! Dobre stvari u \u017eivotu tra\u017ee vreme. Vreme da se pripreme i vreme da se u njima u\u017eiva. Zato, hajde da odlu\u010dimo da svakog dana imamo vremena za ono \u0161to je stvarno va\u017eno. Za sebe, za zajedni\u010dku \u0161oljicu kafe i sve one male stvari koje \u010dine \u017eivot.<br \/>\nPridru\u017eite se zajednici na Instagramu https:\/\/www.instagram.com\/grand.kafa\/ <\/p>\n<p>Muzika za \u0161picu: Sanja Stevanov<br \/>\n<iframe title=\"Sanja S\" width=\"1200\" height=\"450\" scrolling=\"no\" frameborder=\"no\" src=\"https:\/\/w.soundcloud.com\/player\/?visual=true&#038;url=https%3A%2F%2Fapi.soundcloud.com%2Fusers%2F263799157&#038;show_artwork=true&#038;maxheight=1000&#038;maxwidth=1200\"><\/iframe><br \/>\n__<br \/>\n\ud83d\udc95 *fusnota podkast je projekat Fondacije Dva 37, kao i kru\u017eok Multipotencijalisti.<br \/>\nPridru\u017ei nam se https:\/\/bit.ly\/fbmultipotencijalisti<br \/>\n\ud83c\udf3f Prati Alex na Instagramu<br \/>\nhttps:\/\/www.instagram.com\/alex5rovski<br \/>\n_____<\/p>\n<p>Teme u ovoj epizodi:<br \/>\n00:00 &#8211; Uvod<br \/>\n01:22 &#8211; Ko je u su\u0161tini Marko Obradovi\u0107 Edge?<br \/>\n06:30 &#8211; Marko je po\u010deo prvo da se bavi muzikom pa su se kockice poslo\u017eile<br \/>\n11:54 &#8211; Marko nastupa na Exit-u i kao muzi\u010dar i kao zvani\u010dni fotograf<br \/>\n18:11 &#8211; Kako Marko hendluje vi\u0161e projekata u isto vreme?<br \/>\n26:13 &#8211; Master dizajna enterijera &#8211; Markovi dizajnerski projekti<br \/>\n33:03 &#8211; Kako istrenirati mozak da do\u0111e do jedinstvenih ideja<br \/>\n36:55 &#8211; Jel te\u017ee odu\u0161eviti sebe ili ljude iz okoline?<br \/>\n40:31 &#8211; Pravila u fotografiji &#8211; Kad po\u010dne\u0161 da ih kr\u0161i\u0161 i da pi\u0161e\u0161 svoja?<br \/>\n50:45 &#8211; Kako Marko uspeva da isporu\u010di fotografije i preko o\u010dekivanja?<br \/>\n59:40 &#8211; \u201cNe ispadne uvek sve onako kako sam zamislio\u201d<br \/>\n01:05:50 &#8211; Kako ne presu\u0161i Markova kreativnost i odakle crpi inspiraciju?<br \/>\n01:10:44 &#8211; Bez kog znanja ili ve\u0161tine Marko ne bi bio danas ono \u0161to jeste?<\/p>","protected":false},"excerpt":{"rendered":"<p>Podr\u017ei *fusnota podkast https:\/\/www.paypal.com\/paypalme\/alex5rovski Marko Obradovi\u0107 Edge ka\u017ee da njegovo predstavljanje neretko zavisi od sezone i aktuelnosti na kojima trenutno radi, mada kojom god titulom da ga ljudi predstave on ih ih koriguje da je dizajner jer za to ima fakultetsku diplomu da potkrepi. Ipak, na kraju razgovora do\u0161li smo do toga da je njegov&#8230;<\/p>","protected":false},"author":3,"featured_media":48826,"comment_status":"close","ping_status":"closed","sticky":false,"template":"","format":"audio","meta":{"footnotes":""},"categories":[367],"tags":[],"class_list":["post-60861","post","type-post","status-publish","format-audio","has-post-thumbnail","hentry","category-fusnota","post_format-post-format-audio"],"_links":{"self":[{"href":"https:\/\/podcast.rs\/en\/wp-json\/wp\/v2\/posts\/60861","targetHints":{"allow":["GET"]}}],"collection":[{"href":"https:\/\/podcast.rs\/en\/wp-json\/wp\/v2\/posts"}],"about":[{"href":"https:\/\/podcast.rs\/en\/wp-json\/wp\/v2\/types\/post"}],"author":[{"embeddable":true,"href":"https:\/\/podcast.rs\/en\/wp-json\/wp\/v2\/users\/3"}],"replies":[{"embeddable":true,"href":"https:\/\/podcast.rs\/en\/wp-json\/wp\/v2\/comments?post=60861"}],"version-history":[{"count":1,"href":"https:\/\/podcast.rs\/en\/wp-json\/wp\/v2\/posts\/60861\/revisions"}],"predecessor-version":[{"id":60862,"href":"https:\/\/podcast.rs\/en\/wp-json\/wp\/v2\/posts\/60861\/revisions\/60862"}],"wp:featuredmedia":[{"embeddable":true,"href":"https:\/\/podcast.rs\/en\/wp-json\/wp\/v2\/media\/48826"}],"wp:attachment":[{"href":"https:\/\/podcast.rs\/en\/wp-json\/wp\/v2\/media?parent=60861"}],"wp:term":[{"taxonomy":"category","embeddable":true,"href":"https:\/\/podcast.rs\/en\/wp-json\/wp\/v2\/categories?post=60861"},{"taxonomy":"post_tag","embeddable":true,"href":"https:\/\/podcast.rs\/en\/wp-json\/wp\/v2\/tags?post=60861"}],"curies":[{"name":"wp","href":"https:\/\/api.w.org\/{rel}","templated":true}]}}