{"id":60223,"date":"2022-11-07T17:30:04","date_gmt":"2022-11-07T16:30:04","guid":{"rendered":"https:\/\/podcast.rs\/?p=60223"},"modified":"2022-11-07T20:08:33","modified_gmt":"2022-11-07T18:08:33","slug":"berlinski-proces-i-otvoreni-balkan-imaju-li-nesto-zajednicko","status":"publish","type":"post","link":"https:\/\/podcast.rs\/en\/berlinski-proces-i-otvoreni-balkan-imaju-li-nesto-zajednicko\/","title":{"rendered":"Berlinski proces i Otvoreni Balkan \u2013 imaju li ne\u0161to zajedni\u010dko?"},"content":{"rendered":"<p>      Samiti zapadnobalkanskih zemlja u sklopu Berlinskog procesa posljednjih godina su se vi\u0161e-manje pretvorili u foto-termine predsjednika vlada zemalja ove regije s du\u017enosnicima Europske unije. Potpisani su va\u017eni sporazumi, a vladala je i optimisti\u010dnija atmosfera. No koliko se radi zaista o pomaku i koliko stanovnici u zemljama regije imaju od ovih sporazuma koristi? O ovim pitanjima razgovaramo u podcastu Cosmo bosanski\/hrvatski\/srpski, izme\u0111u ostalog i s politologom Florianom Bieberom.<\/p>","protected":false},"excerpt":{"rendered":"<p>Samiti zapadnobalkanskih zemlja u sklopu Berlinskog procesa posljednjih godina su se vi\u0161e-manje pretvorili u foto-termine predsjednika vlada zemalja ove regije s du\u017enosnicima Europske unije. Potpisani su va\u017eni sporazumi, a vladala je i optimisti\u010dnija atmosfera. No koliko se radi zaista o pomaku i koliko stanovnici u zemljama regije imaju od ovih sporazuma koristi? O ovim pitanjima&#8230;<\/p>","protected":false},"author":3,"featured_media":48737,"comment_status":"close","ping_status":"closed","sticky":false,"template":"","format":"audio","meta":{"footnotes":""},"categories":[183],"tags":[],"class_list":["post-60223","post","type-post","status-publish","format-audio","has-post-thumbnail","hentry","category-cosmo","post_format-post-format-audio"],"_links":{"self":[{"href":"https:\/\/podcast.rs\/en\/wp-json\/wp\/v2\/posts\/60223","targetHints":{"allow":["GET"]}}],"collection":[{"href":"https:\/\/podcast.rs\/en\/wp-json\/wp\/v2\/posts"}],"about":[{"href":"https:\/\/podcast.rs\/en\/wp-json\/wp\/v2\/types\/post"}],"author":[{"embeddable":true,"href":"https:\/\/podcast.rs\/en\/wp-json\/wp\/v2\/users\/3"}],"replies":[{"embeddable":true,"href":"https:\/\/podcast.rs\/en\/wp-json\/wp\/v2\/comments?post=60223"}],"version-history":[{"count":1,"href":"https:\/\/podcast.rs\/en\/wp-json\/wp\/v2\/posts\/60223\/revisions"}],"predecessor-version":[{"id":60224,"href":"https:\/\/podcast.rs\/en\/wp-json\/wp\/v2\/posts\/60223\/revisions\/60224"}],"wp:featuredmedia":[{"embeddable":true,"href":"https:\/\/podcast.rs\/en\/wp-json\/wp\/v2\/media\/48737"}],"wp:attachment":[{"href":"https:\/\/podcast.rs\/en\/wp-json\/wp\/v2\/media?parent=60223"}],"wp:term":[{"taxonomy":"category","embeddable":true,"href":"https:\/\/podcast.rs\/en\/wp-json\/wp\/v2\/categories?post=60223"},{"taxonomy":"post_tag","embeddable":true,"href":"https:\/\/podcast.rs\/en\/wp-json\/wp\/v2\/tags?post=60223"}],"curies":[{"name":"wp","href":"https:\/\/api.w.org\/{rel}","templated":true}]}}