{"id":59461,"date":"2022-10-24T17:45:33","date_gmt":"2022-10-24T15:45:33","guid":{"rendered":"https:\/\/podcast.rs\/?p=59461"},"modified":"2022-10-24T18:07:54","modified_gmt":"2022-10-24T16:07:54","slug":"balkanska-ruta-sta-preduzimaju-nemacka-i-eu","status":"publish","type":"post","link":"https:\/\/podcast.rs\/en\/balkanska-ruta-sta-preduzimaju-nemacka-i-eu\/","title":{"rendered":"Balkanska ruta &#8211; \u0160ta preduzimaju Nema\u010dka i EU?"},"content":{"rendered":"<p>      Broj izbeglica na takozvanoj Balkanskoj ruti, pa tako i u Srbiji, raste. Pojedine zemlje EU, me\u0111u kojima je i Nema\u010dka, zabrinute su zbog takvog razvoja doga\u0111aja. \u0160ta Zapad sada o\u010dekuje od Srbije, da li Srbiji prete i neke kaznene mere? O tome razgovoram sa kolegom Filipom Slavkovi\u0107em, a u drugom delu podkasta saznajemo kakva je trenutna situacija na takozvanoj Balkanskoj ruti, u razgovoru sa Rado\u0161em \u0110urovi\u0107em, iz Centra za za\u0161titu i pomo\u0107 tra\u017eiocima azila, u Srbiji.<\/p>","protected":false},"excerpt":{"rendered":"<p>Broj izbeglica na takozvanoj Balkanskoj ruti, pa tako i u Srbiji, raste. Pojedine zemlje EU, me\u0111u kojima je i Nema\u010dka, zabrinute su zbog takvog razvoja doga\u0111aja. \u0160ta Zapad sada o\u010dekuje od Srbije, da li Srbiji prete i neke kaznene mere? O tome razgovoram sa kolegom Filipom Slavkovi\u0107em, a u drugom delu podkasta saznajemo kakva je&#8230;<\/p>","protected":false},"author":3,"featured_media":48737,"comment_status":"close","ping_status":"closed","sticky":false,"template":"","format":"audio","meta":{"footnotes":""},"categories":[183],"tags":[],"class_list":["post-59461","post","type-post","status-publish","format-audio","has-post-thumbnail","hentry","category-cosmo","post_format-post-format-audio"],"_links":{"self":[{"href":"https:\/\/podcast.rs\/en\/wp-json\/wp\/v2\/posts\/59461","targetHints":{"allow":["GET"]}}],"collection":[{"href":"https:\/\/podcast.rs\/en\/wp-json\/wp\/v2\/posts"}],"about":[{"href":"https:\/\/podcast.rs\/en\/wp-json\/wp\/v2\/types\/post"}],"author":[{"embeddable":true,"href":"https:\/\/podcast.rs\/en\/wp-json\/wp\/v2\/users\/3"}],"replies":[{"embeddable":true,"href":"https:\/\/podcast.rs\/en\/wp-json\/wp\/v2\/comments?post=59461"}],"version-history":[{"count":1,"href":"https:\/\/podcast.rs\/en\/wp-json\/wp\/v2\/posts\/59461\/revisions"}],"predecessor-version":[{"id":59462,"href":"https:\/\/podcast.rs\/en\/wp-json\/wp\/v2\/posts\/59461\/revisions\/59462"}],"wp:featuredmedia":[{"embeddable":true,"href":"https:\/\/podcast.rs\/en\/wp-json\/wp\/v2\/media\/48737"}],"wp:attachment":[{"href":"https:\/\/podcast.rs\/en\/wp-json\/wp\/v2\/media?parent=59461"}],"wp:term":[{"taxonomy":"category","embeddable":true,"href":"https:\/\/podcast.rs\/en\/wp-json\/wp\/v2\/categories?post=59461"},{"taxonomy":"post_tag","embeddable":true,"href":"https:\/\/podcast.rs\/en\/wp-json\/wp\/v2\/tags?post=59461"}],"curies":[{"name":"wp","href":"https:\/\/api.w.org\/{rel}","templated":true}]}}