{"id":59384,"date":"2021-12-04T18:00:00","date_gmt":"2021-12-04T17:00:00","guid":{"rendered":"https:\/\/podcast.rs\/?p=59384"},"modified":"2022-10-21T22:31:42","modified_gmt":"2022-10-21T20:31:42","slug":"4-sa-lukom-i-kuzmom-razija-mujanovic-o-kosarci-nekad-i-sad","status":"publish","type":"post","link":"https:\/\/podcast.rs\/en\/4-sa-lukom-i-kuzmom-razija-mujanovic-o-kosarci-nekad-i-sad\/","title":{"rendered":"#4 sa Lukom i Kuzmom | Razija Mujanovi\u0107, o ko\u0161arci &#8211; nekad i sad"},"content":{"rendered":"<p>Ko\u0161arka\u0161ki podcast #4 sa Lukom i Kuzmom | Razija Mujanovi\u0107, o ko\u0161arci &#8211; nekad i sad<\/p>\n<p>Ko\u0161arka\u0161ke teme u cilju afirmacije najlep\u0161eg kolektivnog sporta.\u00a0<br \/>Dnevne teme, Evroliga, ABA Liga, NBA i sve ostale aktuelnosti.<\/p>\n<p>Gost \u010detvrtog podkasta sa Lukom i Kuzmom bila je Razija Mujanovi\u0107, proslavljen ko\u0161arka\u0161ica i \u010dlanica FIBA Ku\u0107e slavnih.<br \/>Mujanovi\u0107eva je pri\u010dala o svojim po\u010decima i koliko je ljubav prema ko\u0161arci nekada bila ja\u010da, nego danas u komercijalnom sportu.<br \/>Tako\u0111e, prisetila se olimpijsko srebra i drugih medalja sa reprezentacijom Jugoslavije.<br \/>Pri\u010dalo se i uplivu politike u dana\u0161nju ko\u0161arku, o najboljoj ko\u0161arka\u0161ici na svetu Amerikanki D\u017eonkuel D\u017eons i njenim nastupima za reprezentaciju Bosne i Hercegovine.<\/p>\n<p>Gost: Razija Mujanovi\u0107<br \/>Doma\u0107ini: Luka Spasovski i Vladimir Kuzmanovi\u0107<br \/>Datum: 04. decembar 2021. godine<br \/>Lokacija: Studio na kraju Univerzuma<br \/>Produkcija: Infinity Lighthouse Studios<br \/>#infinitylighthouse #lukaspasovski #vladimirkuzmanovic #studionakrajuuniverzuma<\/p>","protected":false},"excerpt":{"rendered":"<p>Ko\u0161arka\u0161ki podcast #4 sa Lukom i Kuzmom | Razija Mujanovi\u0107, o ko\u0161arci &#8211; nekad i sad Ko\u0161arka\u0161ke teme u cilju afirmacije najlep\u0161eg kolektivnog sporta.\u00a0Dnevne teme, Evroliga, ABA Liga, NBA i sve ostale aktuelnosti. Gost \u010detvrtog podkasta sa Lukom i Kuzmom bila je Razija Mujanovi\u0107, proslavljen ko\u0161arka\u0161ica i \u010dlanica FIBA Ku\u0107e slavnih.Mujanovi\u0107eva je pri\u010dala o svojim&#8230;<\/p>","protected":false},"author":3,"featured_media":59219,"comment_status":"close","ping_status":"closed","sticky":false,"template":"","format":"audio","meta":{"footnotes":""},"categories":[465],"tags":[],"class_list":["post-59384","post","type-post","status-publish","format-audio","has-post-thumbnail","hentry","category-luka-i-kuzma","post_format-post-format-audio"],"_links":{"self":[{"href":"https:\/\/podcast.rs\/en\/wp-json\/wp\/v2\/posts\/59384","targetHints":{"allow":["GET"]}}],"collection":[{"href":"https:\/\/podcast.rs\/en\/wp-json\/wp\/v2\/posts"}],"about":[{"href":"https:\/\/podcast.rs\/en\/wp-json\/wp\/v2\/types\/post"}],"author":[{"embeddable":true,"href":"https:\/\/podcast.rs\/en\/wp-json\/wp\/v2\/users\/3"}],"replies":[{"embeddable":true,"href":"https:\/\/podcast.rs\/en\/wp-json\/wp\/v2\/comments?post=59384"}],"version-history":[{"count":1,"href":"https:\/\/podcast.rs\/en\/wp-json\/wp\/v2\/posts\/59384\/revisions"}],"predecessor-version":[{"id":59385,"href":"https:\/\/podcast.rs\/en\/wp-json\/wp\/v2\/posts\/59384\/revisions\/59385"}],"wp:featuredmedia":[{"embeddable":true,"href":"https:\/\/podcast.rs\/en\/wp-json\/wp\/v2\/media\/59219"}],"wp:attachment":[{"href":"https:\/\/podcast.rs\/en\/wp-json\/wp\/v2\/media?parent=59384"}],"wp:term":[{"taxonomy":"category","embeddable":true,"href":"https:\/\/podcast.rs\/en\/wp-json\/wp\/v2\/categories?post=59384"},{"taxonomy":"post_tag","embeddable":true,"href":"https:\/\/podcast.rs\/en\/wp-json\/wp\/v2\/tags?post=59384"}],"curies":[{"name":"wp","href":"https:\/\/api.w.org\/{rel}","templated":true}]}}