{"id":58540,"date":"2022-10-02T08:17:27","date_gmt":"2022-10-02T06:17:27","guid":{"rendered":"https:\/\/podcast.rs\/?p=58540"},"modified":"2022-10-02T10:00:24","modified_gmt":"2022-10-02T08:00:24","slug":"tamara-kojic-producentkinja-pevacica-preduzetnica-i-aktivistkinja-fusnota-podkast-39","status":"publish","type":"post","link":"https:\/\/podcast.rs\/en\/tamara-kojic-producentkinja-pevacica-preduzetnica-i-aktivistkinja-fusnota-podkast-39\/","title":{"rendered":"Tamara Koji\u0107 &#8211; producentkinja, peva\u010dica, preduzetnica i aktivistkinja | Fusnota podkast 39"},"content":{"rendered":"<p>Podr\u017ei *fusnota podkast PayPal donacijom https:\/\/bit.ly\/paypalfusnota<br \/>\nTamara se na\u0161la u mnogo komi\u010dnih situacija poku\u0161avaju\u0107i da kombinuje razli\u010dite dru\u0161tvene krugove, ali nije odustala od toga da sebe predstavi kao celinu.<br \/>\nKada se predstavi kao producentkinja, osec\u0301a se nepravedno prema peva\u010dici u sebi; kada se predstavi kao aktivistkinja za ljudska prava, osec\u0301a se nepravedno prema sebi preduzetnici. Jedni ka\u017eu da je Tamara Koji\u0107 in\u017eenjerka, drugi da je umetnica, jedni da je liderka, drugi da odli\u010dno prati.<br \/>\nNajgore joj je pitanje \u010dime se trenutno bavi i ka\u017ee da uvek deluje kao da la\u017ee. No, zaista, koliko jo\u0161 ljudi iz Srbije poznajete koji su volontirali kao klovnovi u de\u010dijoj bolnici na Siciliji ili planirali da pokrenu cirkus bez \u017eivotinja?<br \/>\nS druge strane &#8211; Tamara se \u010desto iznenadi sa kakvim je poslovnim ponudama ljudi kontaktiraju i jedva suzdr\u017eava \u017deljku u sebi, da ne prihvati neki posao iako u tome nema iskustva. Odu\u0161evljava se lako i sitnice mogu da joj ulep\u0161aju dan, ali se ne razo\u010dara kada se ne\u0161to ne dogodi.<br \/>\n&#8212;<br \/>\n\ud83d\udc4d Pokrovitelj pitanja &#8222;Za \u0161ta uvek imate vremena?&#8220; je GRAND KAFA, koja nam poru\u010duje: Hajde da imamo vremena! Dobre stvari u \u017eivotu tra\u017ee vreme. Vreme da se pripreme i vreme da se u njima u\u017eiva. Zato, hajde da odlu\u010dimo da svakog dana imamo vremena za ono \u0161to je stvarno va\u017eno. Za sebe, za zajedni\u010dku \u0161oljicu kafe i sve one male stvari koje \u010dine \u017eivot.<br \/>\nPridru\u017eite se zajednici na Instagramu https:\/\/www.instagram.com\/grand.kafa\/ <\/p>\n<p>Muzika za \u0161picu: Sanja Stevanov<br \/>\n<iframe title=\"Sanja S\" width=\"1200\" height=\"450\" scrolling=\"no\" frameborder=\"no\" src=\"https:\/\/w.soundcloud.com\/player\/?visual=true&#038;url=https%3A%2F%2Fapi.soundcloud.com%2Fusers%2F263799157&#038;show_artwork=true&#038;maxheight=1000&#038;maxwidth=1200\"><\/iframe><br \/>\n________<br \/>\n\ud83d\udc95 *fusnota podkast je projekat Fondacije Dva 37, kao i kru\u017eok Multipotencijalisti.<br \/>\nPridru\u017ei nam se https:\/\/bit.ly\/fbmultipotencijalisti<br \/>\n\ud83c\udf3f Prati Alex na Instagramu<br \/>\nhttps:\/\/www.instagram.com\/alex5rovski<\/p>","protected":false},"excerpt":{"rendered":"<p>Podr\u017ei *fusnota podkast PayPal donacijom https:\/\/bit.ly\/paypalfusnota Tamara se na\u0161la u mnogo komi\u010dnih situacija poku\u0161avaju\u0107i da kombinuje razli\u010dite dru\u0161tvene krugove, ali nije odustala od toga da sebe predstavi kao celinu. Kada se predstavi kao producentkinja, osec\u0301a se nepravedno prema peva\u010dici u sebi; kada se predstavi kao aktivistkinja za ljudska prava, osec\u0301a se nepravedno prema sebi preduzetnici&#8230;.<\/p>","protected":false},"author":3,"featured_media":48826,"comment_status":"close","ping_status":"closed","sticky":false,"template":"","format":"audio","meta":{"footnotes":""},"categories":[367],"tags":[],"class_list":["post-58540","post","type-post","status-publish","format-audio","has-post-thumbnail","hentry","category-fusnota","post_format-post-format-audio"],"_links":{"self":[{"href":"https:\/\/podcast.rs\/en\/wp-json\/wp\/v2\/posts\/58540","targetHints":{"allow":["GET"]}}],"collection":[{"href":"https:\/\/podcast.rs\/en\/wp-json\/wp\/v2\/posts"}],"about":[{"href":"https:\/\/podcast.rs\/en\/wp-json\/wp\/v2\/types\/post"}],"author":[{"embeddable":true,"href":"https:\/\/podcast.rs\/en\/wp-json\/wp\/v2\/users\/3"}],"replies":[{"embeddable":true,"href":"https:\/\/podcast.rs\/en\/wp-json\/wp\/v2\/comments?post=58540"}],"version-history":[{"count":1,"href":"https:\/\/podcast.rs\/en\/wp-json\/wp\/v2\/posts\/58540\/revisions"}],"predecessor-version":[{"id":58541,"href":"https:\/\/podcast.rs\/en\/wp-json\/wp\/v2\/posts\/58540\/revisions\/58541"}],"wp:featuredmedia":[{"embeddable":true,"href":"https:\/\/podcast.rs\/en\/wp-json\/wp\/v2\/media\/48826"}],"wp:attachment":[{"href":"https:\/\/podcast.rs\/en\/wp-json\/wp\/v2\/media?parent=58540"}],"wp:term":[{"taxonomy":"category","embeddable":true,"href":"https:\/\/podcast.rs\/en\/wp-json\/wp\/v2\/categories?post=58540"},{"taxonomy":"post_tag","embeddable":true,"href":"https:\/\/podcast.rs\/en\/wp-json\/wp\/v2\/tags?post=58540"}],"curies":[{"name":"wp","href":"https:\/\/api.w.org\/{rel}","templated":true}]}}