{"id":583079,"date":"2025-11-14T13:40:32","date_gmt":"2025-11-14T11:40:32","guid":{"rendered":"https:\/\/podcast.rs\/oreg-anna-csaknem-tiz-eve-politikai-valsagban-elunk\/"},"modified":"2025-11-14T13:40:32","modified_gmt":"2025-11-14T11:40:32","slug":"oreg-anna-csaknem-tiz-eve-politikai-valsagban-elunk","status":"publish","type":"post","link":"https:\/\/podcast.rs\/en\/oreg-anna-csaknem-tiz-eve-politikai-valsagban-elunk\/","title":{"rendered":"\u00d6reg Anna: Csaknem t\u00edz \u00e9ve politikai v\u00e1ls\u00e1gban \u00e9l\u00fcnk"},"content":{"rendered":"<p>\u00d6reg Anna, a Szabad Polg\u00e1rok Mozgalma k\u00f6zt\u00e1rsas\u00e1gi parlamenti k\u00e9pvisel\u0151j\u00e9vel arr\u00f3l besz\u00e9lgett\u00fcnk, vajon megfutamodik-e ism\u00e9t Aleksandar Vu\u010di\u0107 \u00e9s m\u00e9gsem tartja meg a bejelentett nagygy\u0171l\u00e9st \u00dajvid\u00e9ken \u00e9s egy\u00e1ltal\u00e1n mi lehet ezzel a gy\u0171l\u00e9ssel a c\u00e9lja? \u00d6reget arr\u00f3l is k\u00e9rdezt\u00fck, mi lehet a <a href=\"https:\/\/podcast.szabadmagyarszo.com\/podcast\/oreg-anna-csaknem-tiz-eve-politikai-valsagban-elunk\/\"> Read more\u2026<\/a><\/p>","protected":false},"excerpt":{"rendered":"<p>\u00d6reg Anna, a Szabad Polg\u00e1rok Mozgalma k\u00f6zt\u00e1rsas\u00e1gi parlamenti k\u00e9pvisel\u0151j\u00e9vel arr\u00f3l besz\u00e9lgett\u00fcnk, vajon megfutamodik-e ism\u00e9t Aleksandar Vu\u010di\u0107 \u00e9s m\u00e9gsem tartja meg a bejelente<\/p>","protected":false},"author":4,"featured_media":583080,"comment_status":"","ping_status":"closed","sticky":false,"template":"","format":"standard","meta":{"footnotes":""},"categories":[588],"tags":[],"class_list":["post-583079","post","type-post","status-publish","format-standard","has-post-thumbnail","hentry","category-szabad-magyar-szo"],"_links":{"self":[{"href":"https:\/\/podcast.rs\/en\/wp-json\/wp\/v2\/posts\/583079","targetHints":{"allow":["GET"]}}],"collection":[{"href":"https:\/\/podcast.rs\/en\/wp-json\/wp\/v2\/posts"}],"about":[{"href":"https:\/\/podcast.rs\/en\/wp-json\/wp\/v2\/types\/post"}],"author":[{"embeddable":true,"href":"https:\/\/podcast.rs\/en\/wp-json\/wp\/v2\/users\/4"}],"replies":[{"embeddable":true,"href":"https:\/\/podcast.rs\/en\/wp-json\/wp\/v2\/comments?post=583079"}],"version-history":[{"count":0,"href":"https:\/\/podcast.rs\/en\/wp-json\/wp\/v2\/posts\/583079\/revisions"}],"wp:featuredmedia":[{"embeddable":true,"href":"https:\/\/podcast.rs\/en\/wp-json\/wp\/v2\/media\/583080"}],"wp:attachment":[{"href":"https:\/\/podcast.rs\/en\/wp-json\/wp\/v2\/media?parent=583079"}],"wp:term":[{"taxonomy":"category","embeddable":true,"href":"https:\/\/podcast.rs\/en\/wp-json\/wp\/v2\/categories?post=583079"},{"taxonomy":"post_tag","embeddable":true,"href":"https:\/\/podcast.rs\/en\/wp-json\/wp\/v2\/tags?post=583079"}],"curies":[{"name":"wp","href":"https:\/\/api.w.org\/{rel}","templated":true}]}}