{"id":58281,"date":"2022-09-21T12:00:34","date_gmt":"2022-09-21T10:00:34","guid":{"rendered":"https:\/\/podcast.rs\/?p=58281"},"modified":"2022-09-21T12:02:10","modified_gmt":"2022-09-21T10:02:10","slug":"njuz-podkast-broj-68","status":"publish","type":"post","link":"https:\/\/podcast.rs\/en\/njuz-podkast-broj-68\/","title":{"rendered":"Njuz Podkast broj 68"},"content":{"rendered":"<p>Prethodni vikend obele\u017eio je Europrajd koji se jeste ili nije desio. Pri\u010damo da li su na ulicama bili svi oni politi\u010dari koji su nedeljama pujdrali ekstremiste (spoiler: nisu). Tog istog dana, vojna parada i raspomamljeni raspop nisu spre\u010dili Dejvida Kultarda da u bolidu Formule 1 opi\u0161e krug po centru Beograda. Po\u010dela je i nova sezona Skup\u0161tine Srbije u kojoj je po prvi put citirana Maja Berovi\u0107. Neki poslanici su imali problema sa sedenjem, \u0161to nije bio slu\u010daj sa predsednikom i njegovom \u010deli\u010dnom be\u0161ikom. Predsednik je obi\u0161ao Marka \u0110uri\u0107a, premijerka kraljicu Elizabetu I, a \u0160api\u0107 je jo\u0161 jednom izvre\u0111ao novinare.<\/p>\n<p>U relax temi bavimo se novim rijalitijima &#8211; \u201cCeca i Deca\u201d i \u201cAdaktarovi\u201d.<\/p>","protected":false},"excerpt":{"rendered":"<p>Prethodni vikend obele\u017eio je Europrajd koji se jeste ili nije desio. Pri\u010damo da li su na ulicama bili svi oni politi\u010dari koji su nedeljama pujdrali ekstremiste (spoiler: nisu). Tog istog dana, vojna parada i raspomamljeni raspop nisu spre\u010dili Dejvida Kultarda da u bolidu Formule 1 opi\u0161e krug po centru Beograda. Po\u010dela je i nova sezona&#8230;<\/p>","protected":false},"author":3,"featured_media":20856,"comment_status":"close","ping_status":"closed","sticky":false,"template":"","format":"audio","meta":{"footnotes":""},"categories":[188],"tags":[],"class_list":["post-58281","post","type-post","status-publish","format-audio","has-post-thumbnail","hentry","category-njuz-net","post_format-post-format-audio"],"_links":{"self":[{"href":"https:\/\/podcast.rs\/en\/wp-json\/wp\/v2\/posts\/58281","targetHints":{"allow":["GET"]}}],"collection":[{"href":"https:\/\/podcast.rs\/en\/wp-json\/wp\/v2\/posts"}],"about":[{"href":"https:\/\/podcast.rs\/en\/wp-json\/wp\/v2\/types\/post"}],"author":[{"embeddable":true,"href":"https:\/\/podcast.rs\/en\/wp-json\/wp\/v2\/users\/3"}],"replies":[{"embeddable":true,"href":"https:\/\/podcast.rs\/en\/wp-json\/wp\/v2\/comments?post=58281"}],"version-history":[{"count":1,"href":"https:\/\/podcast.rs\/en\/wp-json\/wp\/v2\/posts\/58281\/revisions"}],"predecessor-version":[{"id":58282,"href":"https:\/\/podcast.rs\/en\/wp-json\/wp\/v2\/posts\/58281\/revisions\/58282"}],"wp:featuredmedia":[{"embeddable":true,"href":"https:\/\/podcast.rs\/en\/wp-json\/wp\/v2\/media\/20856"}],"wp:attachment":[{"href":"https:\/\/podcast.rs\/en\/wp-json\/wp\/v2\/media?parent=58281"}],"wp:term":[{"taxonomy":"category","embeddable":true,"href":"https:\/\/podcast.rs\/en\/wp-json\/wp\/v2\/categories?post=58281"},{"taxonomy":"post_tag","embeddable":true,"href":"https:\/\/podcast.rs\/en\/wp-json\/wp\/v2\/tags?post=58281"}],"curies":[{"name":"wp","href":"https:\/\/api.w.org\/{rel}","templated":true}]}}