{"id":58102,"date":"2022-09-15T15:07:54","date_gmt":"2022-09-15T13:07:54","guid":{"rendered":"https:\/\/podcast.rs\/?p=58102"},"modified":"2022-09-15T16:02:12","modified_gmt":"2022-09-15T14:02:12","slug":"sesta-licna-eb09-u-mome-srcu-ponitka","status":"publish","type":"post","link":"https:\/\/podcast.rs\/en\/sesta-licna-eb09-u-mome-srcu-ponitka\/","title":{"rendered":"\u0160ESTA LI\u010cNA: EB09 \u2013 \u2026u mome srcu Ponitka!"},"content":{"rendered":"<p>Kakvo \u010detvrtfinale!<\/p>\n<p>Ljudi, kakvo \u010detvrtfinale!<\/p>\n<p>Pr\u0161talo je sve u Berlinu u ova dva dana. Ser\u0111o Skariolo je ponovo podigao obrvu, Nemci su torpedovali Janisa nazad ku\u0107i, Francuzi su po drugi put u par dana \u201epobegli sa lopate\u201c, a Poljaci&#8230;<\/p>\n<p>A Poljaci? E Poljaci su uradili ono \u0161to ama ba\u0161 niko nije o\u010dekivao, i izbacili vladaju\u0107eg evropskog \u0161ampiona! Ali krenimo redom&#8230;<\/p>\n<p>\u0160panci su sa Fincima bili ljuti boj ve\u0107i deo utakmice \u2013 gubili su velikom razlikom, i sme\u0161io se Fincima jo\u0161 jedan odli\u010dan rezultat. Ali avaj, kad Ser\u0111o podigne obrvu, \u010duda se de\u0161avaju. Odjednom je \u010di\u010da Rudi izgledao kao mladi\u0107, leteo u reklame i poga\u0111ao trojke sa osam metara, Garuba je raznosio Fince u bloku, a oba brata Ernangomez poga\u0111ala kad je trebalo. \u0160panija ide u svoje jedanaesto uzastopno polufinale Evrobasketa, potvrdiv\u0161i time svoj status moderne evropske ko\u0161arka\u0161ke sile kakvu nismo videli jo\u0161 od SR Jugoslavije.<\/p>\n<p>Prevremenim odlaskom Srbije, Gr\u010dka je \u010das posla izbombardovana u prvog favorita za osvajanje evropskog zlata. Njihov mandat trajao je svega par dana, jer su ih na prvi avion nazad poslali raspucani Nemci Gordija Herberta. Nema\u010dki \u0161uterski ansambl potpuno je rasturio indisponirane Helene u tre\u0107oj \u010detvrtini, a na kraju je samo obostrani interes da se sve \u0161to brze zavr\u0161i ostavio utakmicu na nekih pristojnih jedanaest razlike&#8230;<\/p>\n<p>Francuska je u novi obra\u010dun stigla osokoljena \u010dinjenicom da ih je D\u017eedi Osman pustio da pre\u017eive, me\u0111utim, malo ko je o\u010dekivao da \u0107e se isto desiti i protiv Italijana! Kao da smo gledali preslikanu utakmicu protiv Turaka \u2013 pad \u201epetlova\u201c u tre\u0107oj \u010detvrtini, \u0161uterska rapsodija Italijana, ali na kraju, sve je stalo u dva penala Simonea Fontekija. Njemu je ruka atipi\u010dno zadrhtala, u produ\u017eetku su Francuzi bili prisebniji, i o\u010das posla eto Vensana Kolea i njegove dru\u017eine u borbi za medalju. A nije bogami tako izgledalo prvih dana turnira.<\/p>\n<p>I za kraj, najve\u0107e iznena\u0111enje turnira, ma \u0161ta turnira, godine. Predvo\u0111eni \u2013 a kime drugime do \u2013 Mateu\u0161om Ponitkom, Poljaci su o\u010ditali lekciju nadmenim Slovencima i upisali susret sa Francuskom u polufinalu. Videli smo zaista \u010dudesan me\u010d \u2013 usponi, padovi, velika vo\u0111stva, veliki povratak, ali na kraju, Ponitkina je bila poslednja. Bek Re\u0111o Emilije (barem jo\u0161 dva meseca) je upisao tek tre\u0107i tripl-dabl na evropskim prvenstvima u ko\u0161arci, i uz usrdnu pomo\u0107 svojih saigra\u010da poveo svoju zemlju u borbu za medalje. Nisu mogli Slovenci nikako da se harmonizuju, iako su stigli dvadeset i \u010detiri poena razlike i \u010dak i uzeli inicijativu \u2013 Poljaci su pokazali i srce i ono drugo, i evo ih sad tamo gde je malo ko o\u010dekivao. Mi prvi ne!<\/p>\n<p>Kao \u0161to rekosmo, Srbije nema, ali ko\u0161arka \u2013 i to odli\u010dna ko\u0161arka! \u2013 se i dalje igra u Berlinu. Analizirajte \u010detvrtfinala zajedno sa nama, pa se vidimo za dva dana!<\/p>","protected":false},"excerpt":{"rendered":"<p>Kakvo \u010detvrtfinale! Ljudi, kakvo \u010detvrtfinale! Pr\u0161talo je sve u Berlinu u ova dva dana. Ser\u0111o Skariolo je ponovo podigao obrvu, Nemci su torpedovali Janisa nazad ku\u0107i, Francuzi su po drugi put u par dana \u201epobegli sa lopate\u201c, a Poljaci&#8230; A Poljaci? E Poljaci su uradili ono \u0161to ama ba\u0161 niko nije o\u010dekivao, i izbacili vladaju\u0107eg&#8230;<\/p>","protected":false},"author":3,"featured_media":25637,"comment_status":"open","ping_status":"closed","sticky":false,"template":"","format":"audio","meta":{"footnotes":""},"categories":[203],"tags":[],"class_list":["post-58102","post","type-post","status-publish","format-audio","has-post-thumbnail","hentry","category-sesta-licna","post_format-post-format-audio"],"_links":{"self":[{"href":"https:\/\/podcast.rs\/en\/wp-json\/wp\/v2\/posts\/58102","targetHints":{"allow":["GET"]}}],"collection":[{"href":"https:\/\/podcast.rs\/en\/wp-json\/wp\/v2\/posts"}],"about":[{"href":"https:\/\/podcast.rs\/en\/wp-json\/wp\/v2\/types\/post"}],"author":[{"embeddable":true,"href":"https:\/\/podcast.rs\/en\/wp-json\/wp\/v2\/users\/3"}],"replies":[{"embeddable":true,"href":"https:\/\/podcast.rs\/en\/wp-json\/wp\/v2\/comments?post=58102"}],"version-history":[{"count":1,"href":"https:\/\/podcast.rs\/en\/wp-json\/wp\/v2\/posts\/58102\/revisions"}],"predecessor-version":[{"id":58103,"href":"https:\/\/podcast.rs\/en\/wp-json\/wp\/v2\/posts\/58102\/revisions\/58103"}],"wp:featuredmedia":[{"embeddable":true,"href":"https:\/\/podcast.rs\/en\/wp-json\/wp\/v2\/media\/25637"}],"wp:attachment":[{"href":"https:\/\/podcast.rs\/en\/wp-json\/wp\/v2\/media?parent=58102"}],"wp:term":[{"taxonomy":"category","embeddable":true,"href":"https:\/\/podcast.rs\/en\/wp-json\/wp\/v2\/categories?post=58102"},{"taxonomy":"post_tag","embeddable":true,"href":"https:\/\/podcast.rs\/en\/wp-json\/wp\/v2\/tags?post=58102"}],"curies":[{"name":"wp","href":"https:\/\/api.w.org\/{rel}","templated":true}]}}