{"id":57922,"date":"2022-09-09T16:19:13","date_gmt":"2022-09-09T14:19:13","guid":{"rendered":"https:\/\/podcast.rs\/?p=57922"},"modified":"2022-09-09T17:00:48","modified_gmt":"2022-09-09T15:00:48","slug":"sesta-licna-eb07-e-sad-krece-ono-pravo","status":"publish","type":"post","link":"https:\/\/podcast.rs\/en\/sesta-licna-eb07-e-sad-krece-ono-pravo\/","title":{"rendered":"\u0160ESTA LI\u010cNA: EB07 \u2013 E, sad kre\u0107e ono pravo!"},"content":{"rendered":"<p>Bilo je uzbudljivo i dinami\u010dno. Ali prava uzbu\u0111enja tek po\u010dinju, jer, sti\u017eemo do nokaut faze!<\/p>\n<p>Prema o\u010dekivanjima, Srbija je na pola gasa zavr\u0161ila i peti od svojih \u201epet lakih komada\u201c. Poljska je rano polo\u017eila oru\u017eje i prihvatila svoju nagradu u vidu tre\u0107eg mesta u grupi, a Orlovi su to iskoristili na najbolji mogu\u0107i na\u010din \u2013 ponovo smo videli rapsodiju u prvom poluvremenu, i ostatak je ve\u0107 legao po protokolu.<\/p>\n<p>Ni Poljska, kao ni mnogi pre nje, nisu imali re\u0161enje za Nikolu Joki\u0107a. Sekao je centar Denvera kroz \u201ejedan na jedan\u201c obra\u010dune kao vru\u0107 no\u017e kroz puter, dok je udvajanja re\u0161avao na ne\u0161to kreativnije na\u010dine. Bilo je lepo videti i Nikolu Milutinova kako kona\u010dno uzima prve takmi\u010darske minute, a i ostali su odigrali onako kako smo svi o\u010dekivali.<\/p>\n<p>Zaklju\u010dno sa ve\u010dernjim utakmicama u \u010detvrtak takmi\u010denje po grupama je zavr\u0161eno, i turnir se seli u Berlin. Pa, da vidimo kako se stvar razvila u ostalim gradovima doma\u0107inima.<\/p>\n<p>U Tbilisiju videli smo jedino ispadanje doma\u0107ina. Prgavi Gruzijci nisu valorizovali kontroverznu pobedu protiv Turske \u2013 Crna Gora ih je ostavila na Kavkazu i \u010dekirala karte za Nema\u010dku. Uz njih \u0107e i malo iznena\u0111enje turnira Belgijanci, kao i ve\u0107 \u201evi\u0111eni\u201c Turci i \u0160panci.<\/p>\n<p>Naj\u017ee\u0161\u0107e borbe vi\u0111ene su u Kelnu, gde je Bosna ipak morala prevremeno ku\u0107i. Od Ma\u0111arske niko ni\u0161ta nije ni o\u010dekivao \u2013 pogotovo nakon \u0161to je iz stroja ispao Adam Hanga \u2013 ali Bosna je imala svoje \u0161anse. Te \u0161anse su ostale neiskori\u0161\u0107ene, jer je u direktnom duelu slavija probu\u0111ena Litvanija, koja sada ima lepu \u0161ansu da se na \u201emala vrata\u201c ume\u0161a u borbu za medalje. Sa prvog mesta u Berlin se seli Slovenija, a drugi i tre\u0107i bi\u0107e Nemci i Francuzi.<\/p>\n<p>Grupa C videla je malo marifetluka \u2013 tu je Ukrajina poremetila sve onom pobedom nad Italijom, pa smo tako u me\u010du Ukrajinaca i Hrvata, nakon \u0161to je pitanje pobednika bilo re\u0161eno, videli i malo \u201eprijateljskog dogovora\u201c koji je obezbedio tre\u0107e mesto kom\u0161ijama, a drugo Ukrajini. Italija \u0107e kao \u010detvrtoplasirani tim na megdan Srbiji, dok su Grci suvereno prvi \u2013 ali, povreda Janisa Adetokumba je razlog za brigu&#8230;<\/p>\n<p>A \u0161to se ostatka na\u0161e grupe ti\u010de? Finska o\u010dekivano druga, Poljska neo\u010dekivano tre\u0107a \u2013 poslednje mesto oti\u0161lo je ipak \u010cesima, koji su smogli snage i eliminisali klonuli Izrael.<\/p>\n<p>I tako se zaokru\u017eila plej-of slika. \u017durka po\u010dinje u subotu, a mi se vidimo u ponedeljak \u2013 nadamo se sa sre\u0107nim vestima. Italija nek se spremi&#8230;<\/p>\n<p>U\u017eivajte!<\/p>","protected":false},"excerpt":{"rendered":"<p>Bilo je uzbudljivo i dinami\u010dno. Ali prava uzbu\u0111enja tek po\u010dinju, jer, sti\u017eemo do nokaut faze! Prema o\u010dekivanjima, Srbija je na pola gasa zavr\u0161ila i peti od svojih \u201epet lakih komada\u201c. Poljska je rano polo\u017eila oru\u017eje i prihvatila svoju nagradu u vidu tre\u0107eg mesta u grupi, a Orlovi su to iskoristili na najbolji mogu\u0107i na\u010din \u2013&#8230;<\/p>","protected":false},"author":3,"featured_media":25637,"comment_status":"open","ping_status":"closed","sticky":false,"template":"","format":"audio","meta":{"footnotes":""},"categories":[203],"tags":[],"class_list":["post-57922","post","type-post","status-publish","format-audio","has-post-thumbnail","hentry","category-sesta-licna","post_format-post-format-audio"],"_links":{"self":[{"href":"https:\/\/podcast.rs\/en\/wp-json\/wp\/v2\/posts\/57922","targetHints":{"allow":["GET"]}}],"collection":[{"href":"https:\/\/podcast.rs\/en\/wp-json\/wp\/v2\/posts"}],"about":[{"href":"https:\/\/podcast.rs\/en\/wp-json\/wp\/v2\/types\/post"}],"author":[{"embeddable":true,"href":"https:\/\/podcast.rs\/en\/wp-json\/wp\/v2\/users\/3"}],"replies":[{"embeddable":true,"href":"https:\/\/podcast.rs\/en\/wp-json\/wp\/v2\/comments?post=57922"}],"version-history":[{"count":1,"href":"https:\/\/podcast.rs\/en\/wp-json\/wp\/v2\/posts\/57922\/revisions"}],"predecessor-version":[{"id":57923,"href":"https:\/\/podcast.rs\/en\/wp-json\/wp\/v2\/posts\/57922\/revisions\/57923"}],"wp:featuredmedia":[{"embeddable":true,"href":"https:\/\/podcast.rs\/en\/wp-json\/wp\/v2\/media\/25637"}],"wp:attachment":[{"href":"https:\/\/podcast.rs\/en\/wp-json\/wp\/v2\/media?parent=57922"}],"wp:term":[{"taxonomy":"category","embeddable":true,"href":"https:\/\/podcast.rs\/en\/wp-json\/wp\/v2\/categories?post=57922"},{"taxonomy":"post_tag","embeddable":true,"href":"https:\/\/podcast.rs\/en\/wp-json\/wp\/v2\/tags?post=57922"}],"curies":[{"name":"wp","href":"https:\/\/api.w.org\/{rel}","templated":true}]}}