{"id":57652,"date":"2022-08-30T20:43:20","date_gmt":"2022-08-30T18:43:20","guid":{"rendered":"https:\/\/podcast.rs\/?p=57652"},"modified":"2022-08-30T21:00:49","modified_gmt":"2022-08-30T19:00:49","slug":"sesta-licna-eb01-evrobasket-pocinje","status":"publish","type":"post","link":"https:\/\/podcast.rs\/en\/sesta-licna-eb01-evrobasket-pocinje\/","title":{"rendered":"\u0160ESTA LI\u010cNA: EB01 &#8211; Evrobasket po\u010dinje!"},"content":{"rendered":"<p>Jeste li spremni?<\/p>\n<p>Ako niste, imate vrlo vremena da se spremite jer va\u0161 (ne)omiljeni<br \/>\ntandem je ponovo na Mondu! Milo\u0161 i Edin uzeli su jednu malu<br \/>\npauzu, a sada su spremni da vas razvesele dok traje evropsko<br \/>\nprvenstvo u ko\u0161arci na kojem \u0107e Srbija Svetislava Pe\u0161i\u0107a poku\u0161ati<br \/>\nda se domogne medalje!<\/p>\n<p>Malo je re\u0107i da su Srbija i Evrobasket par iz snova. Na\u0161a zemlja je u<br \/>\novoj ili onoj formi \u010desto osvajala zlatne medalje na ovom takmi\u010denju,<br \/>\nali poslednji put jo\u0161 2001. Tada je Svetislav Pe\u0161i\u0107 sa klupe gledao<br \/>\nkako Pe\u0111a Stojakovi\u0107, Dejan Bodiroga i ostali sa lako\u0107om bri\u0161u<br \/>\nparket sa ostatkom starog kontinenta. Sada, magi\u010dni Piro\u0107anac je<br \/>\ndvadeset i jednu godinu stariji, a na terenu su isto neki novi klinci.<br \/>\nJesu li zreli da naprave novi podvig?<br \/>\nU prvom delu najave Evrobasketa, Milo\u0161 i Edin bave se stanjem u<br \/>\ngrupama A i B. U grupi A, koja \u0107e se igrati u Gruziji, prvi favorit je<br \/>\nizvesno \u0160panija \u2013 uprkos smeni generacija koja ih je ostavila bez<br \/>\nvelike ve\u0107ine prepoznatljivih lica. Ipak, ako smo ne\u0161to nau\u010dili<br \/>\nprethodnih godina, to je da su \u0160panci uvek \u0160panci, te ni njih, ni<br \/>\nstarog vuka Skariola ne treba potcenjivati.<br \/>\nSvoju \u0161ansu \u0107e u Tbilisiju vrebati jo\u0161 i Turska, Belgija, Bugarska i<br \/>\ndoma\u0107in, te Crna Gora koja je \u201eadministrativno\u201c upala umesto<br \/>\nRusije. Turci su ekipa koja puno zavisi od raspolo\u017eenja (kao i uvek),<br \/>\nBelgijance smo dobro upoznali pre dva meseca, a bi\u0107e zanimljivo<br \/>\nvideti mogu li Bugari i Crnogorci do nekog iznena\u0111enja. Gruzija je<br \/>\ndrasti\u010dno oslabljena neigranjem Toka \u0160engelije, pa nad njima stoji<br \/>\nveliki znak pitanja.<br \/>\nGrupa B vodi nas u Keln, i nosi popularni epitet \u201egrupe smrti\u201c. A<br \/>\nkako i druga\u010dije kad su tamo, pored doma\u0107ih Nemaca, jo\u0161 i<br \/>\nFrancuzi, Litvanci i Slovenci? Aktuelni evropski \u0161ampion iz 2017.<br \/>\ndolazi i sa Don\u010di\u0107em i sa Dragi\u0107em, ali ima\u0107e pune ruke posla sa<br \/>\n\u201etornjevima blizancima\u201c Valan\u010dijunasom i Sabonisom, te sa<br \/>\nfrancuskim \u201efizikalcima\u201c koji su ubedljivo fizi\u010dki najsna\u017enija ekipa na<br \/>\nturniru.<br \/>\nSvoju \u0161ansu za kvalifikaciju vrebaju drasti\u010dno oslabljeni Nemci, a to<br \/>\n\u0107e poku\u0161ati da iskoriste Ma\u0111ari i pre svega Bosna i Hercegovina,<br \/>\nkoja na turnir odlazi na krilima velike pobede nad Francuzima. Mogu<br \/>\nli D\u017eanan Musa i Jusuf Nurki\u0107 da naprave jedno malo \u010dudo u<br \/>\n\u201eLankses Areni\u201c?<br \/>\nPitanja mnogo, a imamo li odgovore? Naravno da nemamo. Samo<br \/>\nlo\u0161 humor i jo\u0161 goru analitiku, pa, ko pre\u017eivi ovih prvih sat i kusur,<br \/>\npri\u010da\u0107e natenane&#8230; u svakom slu\u010daju, sre\u0107an po\u010detak nove \u0160este<br \/>\nLi\u010dne svima pa i nama!<br \/>\nI naravno, pi\u0161ite nam u komentarima \u0161ta mislite o novom ruhu<br \/>\npodkasta! Sigurni smo da imate komentare&#8230;<\/p>","protected":false},"excerpt":{"rendered":"<p>Jeste li spremni? Ako niste, imate vrlo vremena da se spremite jer va\u0161 (ne)omiljeni tandem je ponovo na Mondu! Milo\u0161 i Edin uzeli su jednu malu pauzu, a sada su spremni da vas razvesele dok traje evropsko prvenstvo u ko\u0161arci na kojem \u0107e Srbija Svetislava Pe\u0161i\u0107a poku\u0161ati da se domogne medalje! Malo je re\u0107i da&#8230;<\/p>","protected":false},"author":3,"featured_media":25637,"comment_status":"open","ping_status":"closed","sticky":false,"template":"","format":"audio","meta":{"footnotes":""},"categories":[203],"tags":[],"class_list":["post-57652","post","type-post","status-publish","format-audio","has-post-thumbnail","hentry","category-sesta-licna","post_format-post-format-audio"],"_links":{"self":[{"href":"https:\/\/podcast.rs\/en\/wp-json\/wp\/v2\/posts\/57652","targetHints":{"allow":["GET"]}}],"collection":[{"href":"https:\/\/podcast.rs\/en\/wp-json\/wp\/v2\/posts"}],"about":[{"href":"https:\/\/podcast.rs\/en\/wp-json\/wp\/v2\/types\/post"}],"author":[{"embeddable":true,"href":"https:\/\/podcast.rs\/en\/wp-json\/wp\/v2\/users\/3"}],"replies":[{"embeddable":true,"href":"https:\/\/podcast.rs\/en\/wp-json\/wp\/v2\/comments?post=57652"}],"version-history":[{"count":1,"href":"https:\/\/podcast.rs\/en\/wp-json\/wp\/v2\/posts\/57652\/revisions"}],"predecessor-version":[{"id":57653,"href":"https:\/\/podcast.rs\/en\/wp-json\/wp\/v2\/posts\/57652\/revisions\/57653"}],"wp:featuredmedia":[{"embeddable":true,"href":"https:\/\/podcast.rs\/en\/wp-json\/wp\/v2\/media\/25637"}],"wp:attachment":[{"href":"https:\/\/podcast.rs\/en\/wp-json\/wp\/v2\/media?parent=57652"}],"wp:term":[{"taxonomy":"category","embeddable":true,"href":"https:\/\/podcast.rs\/en\/wp-json\/wp\/v2\/categories?post=57652"},{"taxonomy":"post_tag","embeddable":true,"href":"https:\/\/podcast.rs\/en\/wp-json\/wp\/v2\/tags?post=57652"}],"curies":[{"name":"wp","href":"https:\/\/api.w.org\/{rel}","templated":true}]}}