{"id":57600,"date":"2022-08-28T07:22:12","date_gmt":"2022-08-28T05:22:12","guid":{"rendered":"https:\/\/podcast.rs\/?p=57600"},"modified":"2022-08-28T08:00:10","modified_gmt":"2022-08-28T06:00:10","slug":"mia-popic-biznis-psiholoskinja-psihoterapeutkinja-i-preduzetnica-fusnota-podkast-34","status":"publish","type":"post","link":"https:\/\/podcast.rs\/en\/mia-popic-biznis-psiholoskinja-psihoterapeutkinja-i-preduzetnica-fusnota-podkast-34\/","title":{"rendered":"Mia Popi\u0107 &#8211; biznis psiholo\u0161kinja, psihoterapeutkinja i preduzetnica | Fusnota podkast 34"},"content":{"rendered":"<p>Pa\u017eljivo sam slu\u0161ala, oslu\u0161kivala, istra\u017eivala, sabirala i oduzimala te prikupila pitanja koja mu\u010de ve\u0107inu multipotencijalista. Provla\u010dila su se u manjoj ili ve\u0107oj meri kroz pri\u010du sa prethodnim gostima, ali sada \u017eelim da iz stru\u010dnog ugla damo osvrt na te teme. Zato sam u pomo\u0107 pozvala Miu Popi\u0107, psihoterapeutkinju, biznis psiholo\u0161kinju i direktorku Sinergija centra. Pri kraju je doktorskih studija koje je dodatno specijalizuju za primenu Kognitivno bihejvioralnog kou\u010dinga. Za sebe ka\u017ee da je hodaju\u0107a unutra\u0161nja borba, ali i osoba koja ume da bude u kontaktu &#8211; prisutna i povezana.<br \/>\nKroz ovaj razgovor poku\u0161ale smo da damo odgovore i ponudimo re\u0161enja na slede\u0107a pitanja: za\u0161to postajemo navu\u010deni na postignu\u0107e i zaboravljamo \u0161ta je stvarno va\u017eno, za\u0161to neki ljudi sebi ne pra\u0161taju gre\u0161ke i koja je nova definicija perfeksionizma, \u0161ta je i kako se u\u010di samoefikasnost, empatija i preispitivanje, da li smo preterali u insistiranju na fokusu i usredsre\u0111enosti, kada je ok da se predomislimo i jesmo li \u017ertve glorifikovanja doslednosti.<br \/>\n&#8212;&#8212;&#8212;-<br \/>\n\ud83d\udc4d POKROVITELJ PITANJA  Z\u00fchlke &#8211; empowering ideas!<br \/>\nZUHLKE je globalni provajder inovativnih usluga. Realizujemo ideje i kreiramo nove poslovne modele za svoje klijente razvijaju\u0107i usluge i proizvode zasnovane na novim tehnologijama \u2013 od po\u010detne vizije do krajnje upotrebe. Kao kompaniji koja je strate\u0161ki posve\u0107ena ulaganju u rast i razvoj ljudi, izuzetno nam je drago \u0161to smo u prilici da podr\u017eimo podkast koji promovi\u0161e iste vrednosti. Saznajte vi\u0161e o Zuhlkeu https:\/\/bit.ly\/3hG4WZ5<\/p>\n<p>\ud83d\udc4d Pokrovitelj pitanja &#8222;Za \u0161ta uvek imate vremena?&#8220; je GRAND KAFA, koja nam poru\u010duje: Hajde da imamo vremena! Dobre stvari u \u017eivotu tra\u017ee vreme. Vreme da se pripreme i vreme da se u njima u\u017eiva. Zato, hajde da odlu\u010dimo da svakog dana imamo vremena za ono \u0161to je stvarno va\u017eno. Za sebe, za zajedni\u010dku \u0161oljicu kafe i sve one male stvari koje \u010dine \u017eivot.<br \/>\nPridru\u017eite se zajednici na Instagramu https:\/\/www.instagram.com\/grand.kafa\/ <\/p>\n<p>\ud83d\udc4d KROJA\u010cEVA \u0160KOLA je provereno udobno i sigurno online mesto za multipotencijaliste, ljude kojima je znanje strast, za one koji streme promeni karijere i li\u010dnom razvoju. Kvalitetni online kursevi koji ostaju trajno dostupni, stru\u010dnjaci sa iskustvom u transferu znanja i 100% video lekcije. Uz promo kod FUSNOTA imate 20% popusta na sve kurseve.<br \/>\nhttps:\/\/www.krojacevaskola.com\/ <\/p>\n<p>Muzika za \u0161picu: Sanja Stevanov<br \/>\n<iframe title=\"Sanja S\" width=\"1200\" height=\"450\" scrolling=\"no\" frameborder=\"no\" src=\"https:\/\/w.soundcloud.com\/player\/?visual=true&#038;url=https%3A%2F%2Fapi.soundcloud.com%2Fusers%2F263799157&#038;show_artwork=true&#038;maxheight=1000&#038;maxwidth=1200\"><\/iframe><br \/>\n_____________<br \/>\n\ud83d\udc95 *fusnota podkast je projekat Fondacije Dva 37, kao i kru\u017eok Multipotencijalisti.<br \/>\nPridru\u017ei nam se https:\/\/bit.ly\/fbmultipotencijalisti<br \/>\n\ud83c\udf3f Prati Alex na Instagramu<br \/>\nhttps:\/\/www.instagram.com\/alex5rovski<\/p>","protected":false},"excerpt":{"rendered":"<p>Pa\u017eljivo sam slu\u0161ala, oslu\u0161kivala, istra\u017eivala, sabirala i oduzimala te prikupila pitanja koja mu\u010de ve\u0107inu multipotencijalista. Provla\u010dila su se u manjoj ili ve\u0107oj meri kroz pri\u010du sa prethodnim gostima, ali sada \u017eelim da iz stru\u010dnog ugla damo osvrt na te teme. Zato sam u pomo\u0107 pozvala Miu Popi\u0107, psihoterapeutkinju, biznis psiholo\u0161kinju i direktorku Sinergija centra. Pri&#8230;<\/p>","protected":false},"author":3,"featured_media":48826,"comment_status":"close","ping_status":"closed","sticky":false,"template":"","format":"audio","meta":{"footnotes":""},"categories":[367],"tags":[],"class_list":["post-57600","post","type-post","status-publish","format-audio","has-post-thumbnail","hentry","category-fusnota","post_format-post-format-audio"],"_links":{"self":[{"href":"https:\/\/podcast.rs\/en\/wp-json\/wp\/v2\/posts\/57600","targetHints":{"allow":["GET"]}}],"collection":[{"href":"https:\/\/podcast.rs\/en\/wp-json\/wp\/v2\/posts"}],"about":[{"href":"https:\/\/podcast.rs\/en\/wp-json\/wp\/v2\/types\/post"}],"author":[{"embeddable":true,"href":"https:\/\/podcast.rs\/en\/wp-json\/wp\/v2\/users\/3"}],"replies":[{"embeddable":true,"href":"https:\/\/podcast.rs\/en\/wp-json\/wp\/v2\/comments?post=57600"}],"version-history":[{"count":1,"href":"https:\/\/podcast.rs\/en\/wp-json\/wp\/v2\/posts\/57600\/revisions"}],"predecessor-version":[{"id":57601,"href":"https:\/\/podcast.rs\/en\/wp-json\/wp\/v2\/posts\/57600\/revisions\/57601"}],"wp:featuredmedia":[{"embeddable":true,"href":"https:\/\/podcast.rs\/en\/wp-json\/wp\/v2\/media\/48826"}],"wp:attachment":[{"href":"https:\/\/podcast.rs\/en\/wp-json\/wp\/v2\/media?parent=57600"}],"wp:term":[{"taxonomy":"category","embeddable":true,"href":"https:\/\/podcast.rs\/en\/wp-json\/wp\/v2\/categories?post=57600"},{"taxonomy":"post_tag","embeddable":true,"href":"https:\/\/podcast.rs\/en\/wp-json\/wp\/v2\/tags?post=57600"}],"curies":[{"name":"wp","href":"https:\/\/api.w.org\/{rel}","templated":true}]}}