{"id":557493,"date":"2025-11-06T23:10:00","date_gmt":"2025-11-06T21:10:00","guid":{"rendered":"https:\/\/podcast.rs\/protest-ispred-zidjina-kapitalizam-sam\/"},"modified":"2025-11-06T23:10:00","modified_gmt":"2025-11-06T21:10:00","slug":"protest-ispred-zidjina-kapitalizam-sam","status":"publish","type":"post","link":"https:\/\/podcast.rs\/en\/protest-ispred-zidjina-kapitalizam-sam\/","title":{"rendered":"Protest ispred Zi\u0111ina. Kapitalizam, sam"},"content":{"rendered":"<p>Nakon pregleda najva\u017enijih vesti iz protekle nedelje, u rubrici Pogon slu\u0161ate snimak protestne konferencije za \u0161tampu predstavnika sindikata u kompaniji Zi\u0111in koper, koji zahtevaju pove\u0107anje plate u skladu sa porastom minimalne zarade. U rubrici \u010citaonica razgovaramo o knjizi Branka Milanovi\u0107a \u201eKapitalizam, sam\u201c, o globalnim transformacijama privrede, novoj ulozi Kine, kao i o ulozi sistemske korupcije u kapitalizmu.<\/p>\n<p>\u00a0<\/p>\n<p>0:00 &#8211; Intro<\/p>\n<p>00:30 &#8211; Tizer<\/p>\n<p>01:18 &#8211; Najava priloga<\/p>\n<p>01:46 &#8211; Politi\u010dki pregled<\/p>\n<p>05:46 &#8211; Otvoreni programi<\/p>\n<p>06:29 &#8211; Pogon<\/p>\n<p>06:19 &#8211; Na\u0161e aktivnosti<\/p>\n<p>17:20 &#8211; Patreon<\/p>\n<p>17:42 &#8211; \u010citaonica<\/p>\n<p>36:42 &#8211; Outro<\/p>","protected":false},"excerpt":{"rendered":"<p>Nakon pregleda najva\u017enijih vesti iz protekle nedelje, u rubrici Pogon slu\u0161ate snimak protestne konferencije za \u0161tampu predstavnika sindikata u kompaniji Zi\u0111in koper, koji zahtevaju pove\u0107anje plate u skladu sa porastom minimalne zarade. U rubrici \u010citaonica razgovaramo o knjizi Branka Milanovi\u0107a \u201eKapitalizam, sam\u201c, o globalnim transformacijama privrede, novoj ulozi Kine, kao i o ulozi sistemske korupcije&#8230;<\/p>","protected":false},"author":3,"featured_media":40534,"comment_status":"","ping_status":"closed","sticky":false,"template":"","format":"standard","meta":{"footnotes":""},"categories":[306],"tags":[],"class_list":["post-557493","post","type-post","status-publish","format-standard","has-post-thumbnail","hentry","category-radnicki-glas"],"_links":{"self":[{"href":"https:\/\/podcast.rs\/en\/wp-json\/wp\/v2\/posts\/557493","targetHints":{"allow":["GET"]}}],"collection":[{"href":"https:\/\/podcast.rs\/en\/wp-json\/wp\/v2\/posts"}],"about":[{"href":"https:\/\/podcast.rs\/en\/wp-json\/wp\/v2\/types\/post"}],"author":[{"embeddable":true,"href":"https:\/\/podcast.rs\/en\/wp-json\/wp\/v2\/users\/3"}],"replies":[{"embeddable":true,"href":"https:\/\/podcast.rs\/en\/wp-json\/wp\/v2\/comments?post=557493"}],"version-history":[{"count":0,"href":"https:\/\/podcast.rs\/en\/wp-json\/wp\/v2\/posts\/557493\/revisions"}],"wp:featuredmedia":[{"embeddable":true,"href":"https:\/\/podcast.rs\/en\/wp-json\/wp\/v2\/media\/40534"}],"wp:attachment":[{"href":"https:\/\/podcast.rs\/en\/wp-json\/wp\/v2\/media?parent=557493"}],"wp:term":[{"taxonomy":"category","embeddable":true,"href":"https:\/\/podcast.rs\/en\/wp-json\/wp\/v2\/categories?post=557493"},{"taxonomy":"post_tag","embeddable":true,"href":"https:\/\/podcast.rs\/en\/wp-json\/wp\/v2\/tags?post=557493"}],"curies":[{"name":"wp","href":"https:\/\/api.w.org\/{rel}","templated":true}]}}