{"id":55685,"date":"2022-06-22T12:05:31","date_gmt":"2022-06-22T10:05:31","guid":{"rendered":"https:\/\/podcast.rs\/?p=55685"},"modified":"2022-06-22T13:01:07","modified_gmt":"2022-06-22T11:01:07","slug":"njuz-podkast-broj-59","status":"publish","type":"post","link":"https:\/\/podcast.rs\/en\/njuz-podkast-broj-59\/","title":{"rendered":"Njuz Podkast broj 59"},"content":{"rendered":"<p>U novom izdanju Njuz Podkasta bavili smo se aktuelnim sukobima u SNS porodici. Emotivno dvo\u010dasovno izlaganje biv\u0161e glavne \u017eene BIA-e, navelo nas je da se za pitamo da li je Ne\u0161a Stefanovi\u0107 novi D\u017eoni Dep Dijane Hrkalovi\u0107 i da li je ovaj \u201ckripl fajt\u201d zaista po\u010detak kraja? Stvarno je tu\u017eno kada je Vu\u010di\u0107 laganija tema, ali smo se ipak osvrnuli na otvaranje dela obilaznice kome je prisustvovao predsednik. Bilo je jadno i jako, jako tu\u017eno. Goran Vesi\u0107 napustio je \u201ckormilo Beograda\u201d, pla\u0161imo se da \u0107e se vratiti ja\u010di nego ikada. Trka za pozicije u vladi je u toku. Pri\u010dali smo o TV duelu Sava Manojlovi\u0107a i \u017deljka Mitrovi\u0107a kod Ljubice Gojgi\u0107 koji se jo\u0161 nije desio. Aleksandar Kara\u0111or\u0111evi\u0107 \u017eickao pare za obnovu dvora od Bajdenovog sina.<\/p>","protected":false},"excerpt":{"rendered":"<p>U novom izdanju Njuz Podkasta bavili smo se aktuelnim sukobima u SNS porodici. Emotivno dvo\u010dasovno izlaganje biv\u0161e glavne \u017eene BIA-e, navelo nas je da se za pitamo da li je Ne\u0161a Stefanovi\u0107 novi D\u017eoni Dep Dijane Hrkalovi\u0107 i da li je ovaj \u201ckripl fajt\u201d zaista po\u010detak kraja? Stvarno je tu\u017eno kada je Vu\u010di\u0107 laganija tema,&#8230;<\/p>","protected":false},"author":3,"featured_media":20856,"comment_status":"close","ping_status":"closed","sticky":false,"template":"","format":"audio","meta":{"footnotes":""},"categories":[188],"tags":[],"class_list":["post-55685","post","type-post","status-publish","format-audio","has-post-thumbnail","hentry","category-njuz-net","post_format-post-format-audio"],"_links":{"self":[{"href":"https:\/\/podcast.rs\/en\/wp-json\/wp\/v2\/posts\/55685","targetHints":{"allow":["GET"]}}],"collection":[{"href":"https:\/\/podcast.rs\/en\/wp-json\/wp\/v2\/posts"}],"about":[{"href":"https:\/\/podcast.rs\/en\/wp-json\/wp\/v2\/types\/post"}],"author":[{"embeddable":true,"href":"https:\/\/podcast.rs\/en\/wp-json\/wp\/v2\/users\/3"}],"replies":[{"embeddable":true,"href":"https:\/\/podcast.rs\/en\/wp-json\/wp\/v2\/comments?post=55685"}],"version-history":[{"count":1,"href":"https:\/\/podcast.rs\/en\/wp-json\/wp\/v2\/posts\/55685\/revisions"}],"predecessor-version":[{"id":55686,"href":"https:\/\/podcast.rs\/en\/wp-json\/wp\/v2\/posts\/55685\/revisions\/55686"}],"wp:featuredmedia":[{"embeddable":true,"href":"https:\/\/podcast.rs\/en\/wp-json\/wp\/v2\/media\/20856"}],"wp:attachment":[{"href":"https:\/\/podcast.rs\/en\/wp-json\/wp\/v2\/media?parent=55685"}],"wp:term":[{"taxonomy":"category","embeddable":true,"href":"https:\/\/podcast.rs\/en\/wp-json\/wp\/v2\/categories?post=55685"},{"taxonomy":"post_tag","embeddable":true,"href":"https:\/\/podcast.rs\/en\/wp-json\/wp\/v2\/tags?post=55685"}],"curies":[{"name":"wp","href":"https:\/\/api.w.org\/{rel}","templated":true}]}}