{"id":55484,"date":"2022-06-15T13:00:00","date_gmt":"2022-06-15T11:00:00","guid":{"rendered":"https:\/\/podcast.rs\/?p=55484"},"modified":"2022-06-15T14:01:36","modified_gmt":"2022-06-15T12:01:36","slug":"radio-galaksija-151-zmije-balkana-margareta-lakusic-i-vukasin-bjelica-14-06-2022","status":"publish","type":"post","link":"https:\/\/podcast.rs\/en\/radio-galaksija-151-zmije-balkana-margareta-lakusic-i-vukasin-bjelica-14-06-2022\/","title":{"rendered":"Radio Galaksija #151: Zmije Balkana (Margareta Laku\u0161i\u0107 i Vuka\u0161in Bjelica) [14-06-2022]"},"content":{"rendered":"<p>Pla\u0161imo ih se jer ih ne razumemo, a da bismo to promenili, u ovoj epizodi su nam gosti bili <b>Margareta Laku\u0161i\u0107 i Vuka\u0161in Bjelica<\/b>, biolozi koji se bave istra\u017eivanjem zmija Balkana.\u00a0<\/p>\n<p>Margareta se na doktorskim studijama u okviru Istra\u017eiva\u010dkog centra za biodiverzitet i genetiku na Univerzitetu u Portu (Portugal) bavi otrovima i otrovnim zmijama sa podru\u010dja Balkana, a Vuka\u0161in se na Biolo\u0161kom fakultetu u Beogradu bavi funckijskom morfologijom i pona\u0161anjem gmizavaca, kao i njihovom za\u0161titom na Balkanu.<\/p>\n<p>Pri\u010dali smo o mnogim temama vezanim za to kako se zmije istra\u017euju, kako se biolozi bave biodiverzitetom zmija, kako se vr\u0161i monitoring zmija, u kakvim stani\u0161tima zmije \u017eive, \u0161ta uti\u010de na promene stani\u0161ta zmija, kako klimatske, ekolo\u0161ke i urbanisti\u010dke promene uti\u010du na populaciju zmija na Balkanu, kakve sve vrste zmija postoje na Balkanu, kako nastaje otrov kod zmija otrovnica, \u0161ta uzrokuje varijacije u otrovu i \u0161ta je jo\u0161 va\u017eno u istra\u017eivanjima zmija otrovnica&#8230; Tako\u0111e, bilo je re\u010di i o istra\u017eivanju neotrovnih zmija poput ribarica i belou\u0161ki, govori\u0107emo o tome kako se istra\u017euje pona\u0161anje zmija, kako izgledaju poligoni za istra\u017eivanje antipredatorskog pona\u0161anja kojim se Vuka\u0161in bavi na svom projektu, kao i za\u0161to je va\u017eno baviti se tim temama.\u00a0<\/p>\n<p>Naravno, kroz sve ove teme pro\u0161li smo u razgovoru sa Margaretom i Vuka\u0161inom kroz pri\u010du o njihovim istra\u017eivanjima i terenskom radu na mno\u0161tvu zanimljivih mesta poput Prespanskog jezera i ostrva Golem Grad, Mokre Gore na Prokletijama i drugim lokacijama na Balkanu na kojima se mogu prona\u0107i kako poskok, \u0161arka i \u0161argan (otrovnice), tako i mnoge druge neotrovne zmije (ribarice, belou\u0161ke, smukovi, smukulje, \u0161ilac).\u00a0<\/p>\n<p>Pri\u010dali smo i o zmijama u gradovima, uvek aktuelnoj temi u ovim prole\u0107nim i letnjim mesecima, kako bismo poku\u0161ali da ih razumemo i nau\u010dimo za\u0161to ih se ne treba pla\u0161iti, kao i generalno za\u0161to je va\u017eno da se bavimo za\u0161titom zmija.\u00a0<\/p>\n<p>Linkovi za dalje istra\u017eivanje: \/\/\/\/ USKORO!<\/p>\n<p><b>Ukoliko na\u0161 rad \u017eelite da podr\u017eavate iznosom koji sami odre\u0111ujete na mese\u010dnom nivou, to mo\u017eete u\u010diniti ovde: <\/b><a href=\"https:\/\/patreon.com\/join\/radiogalaksija\"><b>https:\/\/patreon.com\/join\/radiogalaksija<\/b><\/a><b>. Ukoliko \u017eelite da donirate Radio Galaksiju jednokratno preko PayPal-a, to mo\u017eete u\u010diniti ovde: <\/b><a href=\"http:\/\/paypal.me\/radiogalaksija\"><b>http:\/\/paypal.me\/radiogalaksija<\/b><\/a><b>. Hvala!<\/b><\/p>\n<p>Pratite nas i na dru\u0161tvenim mre\u017eama: <a href=\"http:\/\/facebook.com\/radiogalaksija\/\">Facebook<\/a>, <a href=\"http:\/\/instagram.com\/radiogalaksija\/%20\">Instagram<\/a>, <a href=\"http:\/\/twitter.com\/radiogalaksija\/\">Twitter<\/a>, <a href=\"http:\/\/reddit.com\/r\/radiogalaksija\/\">Reddit<\/a>.<\/p>\n<p>A ukoliko vi\u0161e volite da \u010ditate e-mailove, prijavite se na na\u0161 <em>newsletter<\/em>, <a href=\"http:\/\/eepurl.com\/hhCs29\">ovde<\/a>.<\/p>\n<p><a rel=\"payment\" href=\"http:\/\/patreon.com\/radiogalaksija\">Support the show<\/a><\/p>","protected":false},"excerpt":{"rendered":"<p>Pla\u0161imo ih se jer ih ne razumemo, a da bismo to promenili, u ovoj epizodi su nam gosti bili Margareta Laku\u0161i\u0107 i Vuka\u0161in Bjelica, biolozi koji se bave istra\u017eivanjem zmija Balkana.\u00a0 Margareta se na doktorskim studijama u okviru Istra\u017eiva\u010dkog centra za biodiverzitet i genetiku na Univerzitetu u Portu (Portugal) bavi otrovima i otrovnim zmijama sa&#8230;<\/p>","protected":false},"author":3,"featured_media":41315,"comment_status":"open","ping_status":"closed","sticky":false,"template":"","format":"audio","meta":{"footnotes":""},"categories":[70],"tags":[],"class_list":["post-55484","post","type-post","status-publish","format-audio","has-post-thumbnail","hentry","category-radio-galaksija","post_format-post-format-audio"],"_links":{"self":[{"href":"https:\/\/podcast.rs\/en\/wp-json\/wp\/v2\/posts\/55484","targetHints":{"allow":["GET"]}}],"collection":[{"href":"https:\/\/podcast.rs\/en\/wp-json\/wp\/v2\/posts"}],"about":[{"href":"https:\/\/podcast.rs\/en\/wp-json\/wp\/v2\/types\/post"}],"author":[{"embeddable":true,"href":"https:\/\/podcast.rs\/en\/wp-json\/wp\/v2\/users\/3"}],"replies":[{"embeddable":true,"href":"https:\/\/podcast.rs\/en\/wp-json\/wp\/v2\/comments?post=55484"}],"version-history":[{"count":1,"href":"https:\/\/podcast.rs\/en\/wp-json\/wp\/v2\/posts\/55484\/revisions"}],"predecessor-version":[{"id":55485,"href":"https:\/\/podcast.rs\/en\/wp-json\/wp\/v2\/posts\/55484\/revisions\/55485"}],"wp:featuredmedia":[{"embeddable":true,"href":"https:\/\/podcast.rs\/en\/wp-json\/wp\/v2\/media\/41315"}],"wp:attachment":[{"href":"https:\/\/podcast.rs\/en\/wp-json\/wp\/v2\/media?parent=55484"}],"wp:term":[{"taxonomy":"category","embeddable":true,"href":"https:\/\/podcast.rs\/en\/wp-json\/wp\/v2\/categories?post=55484"},{"taxonomy":"post_tag","embeddable":true,"href":"https:\/\/podcast.rs\/en\/wp-json\/wp\/v2\/tags?post=55484"}],"curies":[{"name":"wp","href":"https:\/\/api.w.org\/{rel}","templated":true}]}}