{"id":55449,"date":"2022-06-14T11:05:00","date_gmt":"2022-06-14T09:05:00","guid":{"rendered":"https:\/\/podcast.rs\/?p=55449"},"modified":"2022-06-14T14:01:05","modified_gmt":"2022-06-14T12:01:05","slug":"ivica-osim-straus-juni-lipanj-14-2022","status":"publish","type":"post","link":"https:\/\/podcast.rs\/en\/ivica-osim-straus-juni-lipanj-14-2022\/","title":{"rendered":"Ivica Osim, \u0160traus &#8211; juni\/lipanj 14, 2022"},"content":{"rendered":"<p>Dok je 14. maja 2022. i\u0161la pjesma &#8216;Grbavica&#8217; od Mladena Voji\u010di\u0107a Tife, niko od prisutnih nije mogao sakriti suze. Plakali su svi oni koji su do\u0161li na posljednji ispra\u0107aj Ivice Osima. \u0160trausa s Grbavice. Gospodara familije. Ko je bio Ivica Osim? Slu\u0161ajte u podcastu  &#8216;Izme\u0111u redova&#8217;.<\/p>","protected":false},"excerpt":{"rendered":"<p>Dok je 14. maja 2022. i\u0161la pjesma &#8216;Grbavica&#8217; od Mladena Voji\u010di\u0107a Tife, niko od prisutnih nije mogao sakriti suze. Plakali su svi oni koji su do\u0161li na posljednji ispra\u0107aj Ivice Osima. \u0160trausa s Grbavice. Gospodara familije. Ko je bio Ivica Osim? Slu\u0161ajte u podcastu &#8216;Izme\u0111u redova&#8217;.<\/p>","protected":false},"author":3,"featured_media":26186,"comment_status":"close","ping_status":"closed","sticky":false,"template":"","format":"audio","meta":{"footnotes":""},"categories":[207],"tags":[],"class_list":["post-55449","post","type-post","status-publish","format-audio","has-post-thumbnail","hentry","category-izmedju-redova","post_format-post-format-audio"],"_links":{"self":[{"href":"https:\/\/podcast.rs\/en\/wp-json\/wp\/v2\/posts\/55449","targetHints":{"allow":["GET"]}}],"collection":[{"href":"https:\/\/podcast.rs\/en\/wp-json\/wp\/v2\/posts"}],"about":[{"href":"https:\/\/podcast.rs\/en\/wp-json\/wp\/v2\/types\/post"}],"author":[{"embeddable":true,"href":"https:\/\/podcast.rs\/en\/wp-json\/wp\/v2\/users\/3"}],"replies":[{"embeddable":true,"href":"https:\/\/podcast.rs\/en\/wp-json\/wp\/v2\/comments?post=55449"}],"version-history":[{"count":1,"href":"https:\/\/podcast.rs\/en\/wp-json\/wp\/v2\/posts\/55449\/revisions"}],"predecessor-version":[{"id":55450,"href":"https:\/\/podcast.rs\/en\/wp-json\/wp\/v2\/posts\/55449\/revisions\/55450"}],"wp:featuredmedia":[{"embeddable":true,"href":"https:\/\/podcast.rs\/en\/wp-json\/wp\/v2\/media\/26186"}],"wp:attachment":[{"href":"https:\/\/podcast.rs\/en\/wp-json\/wp\/v2\/media?parent=55449"}],"wp:term":[{"taxonomy":"category","embeddable":true,"href":"https:\/\/podcast.rs\/en\/wp-json\/wp\/v2\/categories?post=55449"},{"taxonomy":"post_tag","embeddable":true,"href":"https:\/\/podcast.rs\/en\/wp-json\/wp\/v2\/tags?post=55449"}],"curies":[{"name":"wp","href":"https:\/\/api.w.org\/{rel}","templated":true}]}}