{"id":55139,"date":"2022-05-31T09:12:59","date_gmt":"2022-05-31T07:12:59","guid":{"rendered":"https:\/\/podcast.rs\/?p=55139"},"modified":"2022-06-07T16:45:04","modified_gmt":"2022-06-07T14:45:04","slug":"sistem-i-mladi-spojiva-ili-nespojiva-kombinacija","status":"publish","type":"post","link":"https:\/\/podcast.rs\/en\/sistem-i-mladi-spojiva-ili-nespojiva-kombinacija\/","title":{"rendered":"Sistem i mladi: Spojiva ili nespojiva kombinacija?"},"content":{"rendered":"<p>\u201cPotrebno je da postoji kontinuitet u progamima namenjenim mladima, da na nivou grada budu prepoznati kvalitetni ljudi, da budu za javno dobro i javni interes zadr\u017eani u Subotici &#8211; jer oni donose benefit i samom gradu\u201d, rekla je urednica Maglo\u010dista\u010da, Mirana Dmitrovi\u0107, u podkastu kojim obele\u017eavamo kraj projekta \u201cPolet 21\/22\u201d.<\/p>\n<p>Projekat \u201cPolet 21\/22\u201d su u proteklih osam meseci zajedno realizovali Udru\u017eenje gra\u0111ana \u201cKlara i Rosa\u201d i portal Maglo\u010dista\u010d u okviru programa Beogradske otvorene \u0161kole \u201eMladi i mediji za demokratski razvoj\u201c, a uz podr\u0161ku \u0160vedske.<\/p>\n<p>Urednica portala Maglo\u010dista\u010d, Mirana Dmitrovi\u0107, rekla je da su se kroz vi\u0161emese\u010dni rad na temama o mladima iskristalisali glavni problemi mladih u zajednici.<\/p>\n<p>\u201cSvi su upu\u0107ivali na jedno, a to je: nedostatak adekatnog prostora za mlade u skladu sa njihovim potrebama i nedostatak kvalitetnih programa za mlade koji imaju kontinuitet, koji do njih dopiru i koji su dovoljno atraktivni da ih i zainteresovaju da u njima u\u010destvuju\u201d, rekla je Dmitrovi\u0107.<\/p>\n<p>Iz partnerske organizacije \u201cKlara i Rosa\u201d, Gordana Vukov Ciganjin, istakla je da je u Subotici posebno izra\u017eeno i nepostojanje me\u0111unacionalnih kontakata me\u0111u mladima.<\/p>\n<p>\u201cNema prostora gde se mladi koji govore srpsko-hrvatski i ma\u0111arski jezik mogu uop\u0161te sresti. Uvek se formiraju programi koji su posebni za ove i posebni za one. Uop\u0161te ne prepoznajem da u gradu postoji ideja, strategija ili namera da se u tome u budu\u0107nosti radi. Mladi nisu to nikada ni iskusili, njima je normalno da razdvojeno \u017eive &#8211; pa to ne mogu ni iskomunicirati ili prepoznati kao potrebu, \u0161to je tu\u017ena \u010dinjenica\u201d, rekla je Vukov Ciganjin.<\/p>\n<p>Mada su se kroz rad na projektu iskristalisali problema mladih u Subotici &#8211; Vukov Ciganjin smatra da ovakvi mali projekti nisu dugoro\u010dno re\u0161enje.<\/p>\n<p>\u201cTo je ne\u0161to \u010dime se malo zagrebe problem: mora postojati sistemsko re\u0161enje, volja na nivou grada, pokrajine, republike. Potrebno je napisati tu omladinsku strategiju, kako na nivou republike, tako i na nivou grada. Mislim da je jako va\u017ena i me\u0111usektorska saradnja &#8211; posebno kada su u pitanju drugi lokalni mediji, ali i institucije\u201d, napomenula je ona.<\/p>\n<p>Kada je u pitanju omladinska politika, u Subotici nisu anga\u017eovani ljudi koji se zaista razumeju u rad sa mladima, kazala je Dmitrovi\u0107.<\/p>\n<p>\u201cFormira se neka ekipa, do\u0111e do smene vlasti, pojavi se neka druga ekipa: da li su uop\u0161te radili sa mladima, da li imaju iskustva sa omladinskim programima &#8211; to se ne zna. Imam neki utisak da te pozicije koje su pla\u0107ene iz bud\u017eeta, slu\u017ee samo da neko dobije platicu, pa da usput ne\u0161to odradi\u201d, rekla je Mirana Dmitrovi\u0107 na podkastu Maglo\u010dista\u010da.<\/p>\n<p>Specifi\u010dni ciljevi projekta \u201cPolet 21\/22\u201d bili su da se podigne vidljivost problema mladih u lokalnoj zajednici, da se osna\u017ee mladi da samostalno kreiraju i sprovode sopstvene inicijative, te da se stvore uslovi za saradnju mladih iz razli\u010ditih nacionalnih zajednica u Subotici, i na taj na\u010din dugoro\u010dno doprinese njihovom aktivnom uklju\u010divanju u dru\u0161tvene tokove.<\/p>","protected":false},"excerpt":{"rendered":"<p>\u201cPotrebno je da postoji kontinuitet u progamima namenjenim mladima, da na nivou grada budu prepoznati kvalitetni ljudi, da budu za javno dobro i javni interes zadr\u017eani u Subotici &#8211; jer oni donose benefit i samom gradu\u201d, rekla je urednica Maglo\u010dista\u010da, Mirana Dmitrovi\u0107, u podkastu kojim obele\u017eavamo kraj projekta \u201cPolet 21\/22\u201d. Projekat \u201cPolet 21\/22\u201d su u&#8230;<\/p>","protected":false},"author":3,"featured_media":55136,"comment_status":"close","ping_status":"closed","sticky":false,"template":"","format":"audio","meta":{"footnotes":""},"categories":[439],"tags":[],"class_list":["post-55139","post","type-post","status-publish","format-audio","has-post-thumbnail","hentry","category-maglocistac","post_format-post-format-audio"],"_links":{"self":[{"href":"https:\/\/podcast.rs\/en\/wp-json\/wp\/v2\/posts\/55139","targetHints":{"allow":["GET"]}}],"collection":[{"href":"https:\/\/podcast.rs\/en\/wp-json\/wp\/v2\/posts"}],"about":[{"href":"https:\/\/podcast.rs\/en\/wp-json\/wp\/v2\/types\/post"}],"author":[{"embeddable":true,"href":"https:\/\/podcast.rs\/en\/wp-json\/wp\/v2\/users\/3"}],"replies":[{"embeddable":true,"href":"https:\/\/podcast.rs\/en\/wp-json\/wp\/v2\/comments?post=55139"}],"version-history":[{"count":1,"href":"https:\/\/podcast.rs\/en\/wp-json\/wp\/v2\/posts\/55139\/revisions"}],"predecessor-version":[{"id":55140,"href":"https:\/\/podcast.rs\/en\/wp-json\/wp\/v2\/posts\/55139\/revisions\/55140"}],"wp:featuredmedia":[{"embeddable":true,"href":"https:\/\/podcast.rs\/en\/wp-json\/wp\/v2\/media\/55136"}],"wp:attachment":[{"href":"https:\/\/podcast.rs\/en\/wp-json\/wp\/v2\/media?parent=55139"}],"wp:term":[{"taxonomy":"category","embeddable":true,"href":"https:\/\/podcast.rs\/en\/wp-json\/wp\/v2\/categories?post=55139"},{"taxonomy":"post_tag","embeddable":true,"href":"https:\/\/podcast.rs\/en\/wp-json\/wp\/v2\/tags?post=55139"}],"curies":[{"name":"wp","href":"https:\/\/api.w.org\/{rel}","templated":true}]}}