{"id":546308,"date":"2025-11-02T19:10:08","date_gmt":"2025-11-02T18:10:08","guid":{"rendered":"https:\/\/podcast.rs\/?p=546308"},"modified":"2025-11-02T20:34:52","modified_gmt":"2025-11-02T18:34:52","slug":"121-sta-ce-nam-robovi-u-xxi-veku","status":"publish","type":"post","link":"https:\/\/podcast.rs\/en\/121-sta-ce-nam-robovi-u-xxi-veku\/","title":{"rendered":"121 &#8211; \u0160ta \u0107e nam robovi u XXI veku?"},"content":{"rendered":"<p>Depresija vi\u0161e nije samo medicinski termin, \u010desto postaje etiketa, identitet, pa \u010dak i \u201culoga\u201d kroz koju ljudi po\u010dinju da posmatraju sebe. Psihijatar Milutin Kosti\u0107 i psihoterapeut Milan Damjanac razgovaraju o tome kako je do\u0161lo do toga da depresija, iz klini\u010dke dijagnoze, preraste u na\u010din na koji se pojedinci predstavljaju drugima i do\u017eivljavaju sopstveni \u017eivot, u zamenu za identitet. Za\u0161to je depresija danas toliko &#8222;normalizovana\u201c, a istovremeno i pogre\u0161no shva\u0107ena? Gde je granica izme\u0111u trajne tuge, lo\u0161eg perioda i mentalnog poreme\u0107aja koji zahteva stru\u010dnu pomo\u0107? \u0160ta nam govore savremena istra\u017eivanja o biolo\u0161kim, socijalnim i psiholo\u0161kim faktorima rizika? I kako dru\u0161tvo, mediji, pa i digitalna kultura uti\u010du na to da se sve \u010de\u0161\u0107e identifikujemo kroz dijagnozu? Kako je i kada tuga nestala iz re\u010dnika? Vi\u0161e niko nije tu\u017ean, svi su depresivni. <em>Da li sam ja depresivan ili tu\u017ean, ili mo\u017eda samo poku\u0161avam da prona\u0111em ko sam?<\/em> Ako ste se ikada to zapitali, na pravom ste mestu. Promena je prirodna, ba\u0161 kao i voda koja pronalazi svoj tok. U trenutku kada nam se \u010dini da nas identitet &#8222;depresivne osobe\u201c zarobljava, va\u017eno je da znamo: na\u0161e emocije su sklone promeni, a sa njima i mi. \ud83c\udf3f Epizodu podr\u017eava Rosa &#8211; prirodna, ba\u0161 kao i promena. Dodatni sadr\u017eaji su na raspolaganju i na YouTube kanalu za \u010dlanove, kao i na Patreonu. Podr\u017eite nas i pretplatite se za na\u0161e ekskluzivne sadr\u017eaje: <a target=\"_blank\" rel=\"noopener noreferrer nofollow\" href=\"https:\/\/www.patreon.com\/c\/dvaipopsihijatra\/\">https:\/\/www.patreon.com\/c\/dvaipopsihijatra\/<\/a><\/p>","protected":false},"excerpt":{"rendered":"<p>Depresija vi\u0161e nije samo medicinski termin, \u010desto postaje etiketa, identitet, pa \u010dak i \u201culoga\u201d kroz koju ljudi po\u010dinju da posmatraju sebe. Psihijatar Milutin Kosti\u0107 i psihoterapeut Milan Damjanac razgovaraju o tome kako je do\u0161lo do toga da depresija, iz klini\u010dke dijagnoze, preraste u na\u010din na koji se pojedinci predstavljaju drugima i do\u017eivljavaju sopstveni \u017eivot, u&#8230;<\/p>","protected":false},"author":3,"featured_media":67456,"comment_status":"close","ping_status":"closed","sticky":false,"template":"","format":"audio","meta":{"footnotes":""},"categories":[493],"tags":[],"class_list":["post-546308","post","type-post","status-publish","format-audio","has-post-thumbnail","hentry","category-dva-i-po-psihijatra","post_format-post-format-audio"],"_links":{"self":[{"href":"https:\/\/podcast.rs\/en\/wp-json\/wp\/v2\/posts\/546308","targetHints":{"allow":["GET"]}}],"collection":[{"href":"https:\/\/podcast.rs\/en\/wp-json\/wp\/v2\/posts"}],"about":[{"href":"https:\/\/podcast.rs\/en\/wp-json\/wp\/v2\/types\/post"}],"author":[{"embeddable":true,"href":"https:\/\/podcast.rs\/en\/wp-json\/wp\/v2\/users\/3"}],"replies":[{"embeddable":true,"href":"https:\/\/podcast.rs\/en\/wp-json\/wp\/v2\/comments?post=546308"}],"version-history":[{"count":1,"href":"https:\/\/podcast.rs\/en\/wp-json\/wp\/v2\/posts\/546308\/revisions"}],"predecessor-version":[{"id":546309,"href":"https:\/\/podcast.rs\/en\/wp-json\/wp\/v2\/posts\/546308\/revisions\/546309"}],"wp:featuredmedia":[{"embeddable":true,"href":"https:\/\/podcast.rs\/en\/wp-json\/wp\/v2\/media\/67456"}],"wp:attachment":[{"href":"https:\/\/podcast.rs\/en\/wp-json\/wp\/v2\/media?parent=546308"}],"wp:term":[{"taxonomy":"category","embeddable":true,"href":"https:\/\/podcast.rs\/en\/wp-json\/wp\/v2\/categories?post=546308"},{"taxonomy":"post_tag","embeddable":true,"href":"https:\/\/podcast.rs\/en\/wp-json\/wp\/v2\/tags?post=546308"}],"curies":[{"name":"wp","href":"https:\/\/api.w.org\/{rel}","templated":true}]}}