{"id":54552,"date":"2022-06-01T17:00:00","date_gmt":"2022-06-01T15:00:00","guid":{"rendered":"https:\/\/podcast.rs\/?p=54552"},"modified":"2022-06-01T18:01:04","modified_gmt":"2022-06-01T16:01:04","slug":"da-li-otvoreni-balkan-ima-potencijal","status":"publish","type":"post","link":"https:\/\/podcast.rs\/en\/da-li-otvoreni-balkan-ima-potencijal\/","title":{"rendered":"Da li Otvoreni Balkan ima potencijal?"},"content":{"rendered":"<p>      U Ohridu, u Severnoj Makedoniji, 7. i 8. juna  bi\u0107e odr\u017ean samit inicijative Otvoreni Balkan. Ko je tu inicijativu pokrenuo i \u0161ta su njeni konkretni ciljevi? Koje zemlje su joj se priklju\u010dile, a koje na nju gledaju sa velikom rezervom? Kako SAD i EU gledaju na Otvoreni Balkan? O tome u ovom podkastu Cosmo bosanki\/hrvatski\/srpski govore koleginica Sanja Iva\u010di\u0107 iz Beograda i Dragan \u0110ukanovi\u0107, profesor Fakulteta politi\u010dkih nauka univerziteta u Beogradu i predsednik Centra za spoljnu politiku.<\/p>","protected":false},"excerpt":{"rendered":"<p>U Ohridu, u Severnoj Makedoniji, 7. i 8. juna bi\u0107e odr\u017ean samit inicijative Otvoreni Balkan. Ko je tu inicijativu pokrenuo i \u0161ta su njeni konkretni ciljevi? Koje zemlje su joj se priklju\u010dile, a koje na nju gledaju sa velikom rezervom? Kako SAD i EU gledaju na Otvoreni Balkan? O tome u ovom podkastu Cosmo bosanki\/hrvatski\/srpski&#8230;<\/p>","protected":false},"author":3,"featured_media":48737,"comment_status":"close","ping_status":"closed","sticky":false,"template":"","format":"audio","meta":{"footnotes":""},"categories":[183],"tags":[],"class_list":["post-54552","post","type-post","status-publish","format-audio","has-post-thumbnail","hentry","category-cosmo","post_format-post-format-audio"],"_links":{"self":[{"href":"https:\/\/podcast.rs\/en\/wp-json\/wp\/v2\/posts\/54552","targetHints":{"allow":["GET"]}}],"collection":[{"href":"https:\/\/podcast.rs\/en\/wp-json\/wp\/v2\/posts"}],"about":[{"href":"https:\/\/podcast.rs\/en\/wp-json\/wp\/v2\/types\/post"}],"author":[{"embeddable":true,"href":"https:\/\/podcast.rs\/en\/wp-json\/wp\/v2\/users\/3"}],"replies":[{"embeddable":true,"href":"https:\/\/podcast.rs\/en\/wp-json\/wp\/v2\/comments?post=54552"}],"version-history":[{"count":1,"href":"https:\/\/podcast.rs\/en\/wp-json\/wp\/v2\/posts\/54552\/revisions"}],"predecessor-version":[{"id":54553,"href":"https:\/\/podcast.rs\/en\/wp-json\/wp\/v2\/posts\/54552\/revisions\/54553"}],"wp:featuredmedia":[{"embeddable":true,"href":"https:\/\/podcast.rs\/en\/wp-json\/wp\/v2\/media\/48737"}],"wp:attachment":[{"href":"https:\/\/podcast.rs\/en\/wp-json\/wp\/v2\/media?parent=54552"}],"wp:term":[{"taxonomy":"category","embeddable":true,"href":"https:\/\/podcast.rs\/en\/wp-json\/wp\/v2\/categories?post=54552"},{"taxonomy":"post_tag","embeddable":true,"href":"https:\/\/podcast.rs\/en\/wp-json\/wp\/v2\/tags?post=54552"}],"curies":[{"name":"wp","href":"https:\/\/api.w.org\/{rel}","templated":true}]}}