{"id":54264,"date":"2022-05-27T15:00:43","date_gmt":"2022-05-27T13:00:43","guid":{"rendered":"https:\/\/podcast.rs\/?p=54264"},"modified":"2022-05-27T16:01:29","modified_gmt":"2022-05-27T14:01:29","slug":"srpski-etno-sastav-roser-u-nemackoj-tvoj-korzo-petkom","status":"publish","type":"post","link":"https:\/\/podcast.rs\/en\/srpski-etno-sastav-roser-u-nemackoj-tvoj-korzo-petkom\/","title":{"rendered":"Srpski etno sastav &#8222;Ro\u0161er&#8220; u Nema\u010dkoj &#8211; Tvoj Korzo petkom!"},"content":{"rendered":"<p>      Kao i svakog petka, vreme je za posebno izdanje naseg podkasta &#8211; muzi\u010dku Korzo \u0161etnju. O novitetima na muzi\u010dkoj sceni Bosne i Hercegovine, ta\u010dnije o novim pesmama Maye Sar, Frenkija i Mustafe Behmena vi\u0161e \u0107e nam re\u0107i sarajevski kolega Zoran \u0106ati\u0107. Upoznajemo i Ro\u0161er etno bend iz Srbije koji 28. maja nastupa u Frankfurtu na Majni, a u nedelju 29. maja u Minhenu. Pripremili smo i nekoliko novih pesama.<\/p>","protected":false},"excerpt":{"rendered":"<p>Kao i svakog petka, vreme je za posebno izdanje naseg podkasta &#8211; muzi\u010dku Korzo \u0161etnju. O novitetima na muzi\u010dkoj sceni Bosne i Hercegovine, ta\u010dnije o novim pesmama Maye Sar, Frenkija i Mustafe Behmena vi\u0161e \u0107e nam re\u0107i sarajevski kolega Zoran \u0106ati\u0107. Upoznajemo i Ro\u0161er etno bend iz Srbije koji 28. maja nastupa u Frankfurtu na&#8230;<\/p>","protected":false},"author":3,"featured_media":48737,"comment_status":"close","ping_status":"closed","sticky":false,"template":"","format":"audio","meta":{"footnotes":""},"categories":[183],"tags":[],"class_list":["post-54264","post","type-post","status-publish","format-audio","has-post-thumbnail","hentry","category-cosmo","post_format-post-format-audio"],"_links":{"self":[{"href":"https:\/\/podcast.rs\/en\/wp-json\/wp\/v2\/posts\/54264","targetHints":{"allow":["GET"]}}],"collection":[{"href":"https:\/\/podcast.rs\/en\/wp-json\/wp\/v2\/posts"}],"about":[{"href":"https:\/\/podcast.rs\/en\/wp-json\/wp\/v2\/types\/post"}],"author":[{"embeddable":true,"href":"https:\/\/podcast.rs\/en\/wp-json\/wp\/v2\/users\/3"}],"replies":[{"embeddable":true,"href":"https:\/\/podcast.rs\/en\/wp-json\/wp\/v2\/comments?post=54264"}],"version-history":[{"count":1,"href":"https:\/\/podcast.rs\/en\/wp-json\/wp\/v2\/posts\/54264\/revisions"}],"predecessor-version":[{"id":54265,"href":"https:\/\/podcast.rs\/en\/wp-json\/wp\/v2\/posts\/54264\/revisions\/54265"}],"wp:featuredmedia":[{"embeddable":true,"href":"https:\/\/podcast.rs\/en\/wp-json\/wp\/v2\/media\/48737"}],"wp:attachment":[{"href":"https:\/\/podcast.rs\/en\/wp-json\/wp\/v2\/media?parent=54264"}],"wp:term":[{"taxonomy":"category","embeddable":true,"href":"https:\/\/podcast.rs\/en\/wp-json\/wp\/v2\/categories?post=54264"},{"taxonomy":"post_tag","embeddable":true,"href":"https:\/\/podcast.rs\/en\/wp-json\/wp\/v2\/tags?post=54264"}],"curies":[{"name":"wp","href":"https:\/\/api.w.org\/{rel}","templated":true}]}}