{"id":536726,"date":"2025-10-30T20:00:01","date_gmt":"2025-10-30T18:00:01","guid":{"rendered":"https:\/\/podcast.rs\/tetke-s06e04-femica-sa-juga-gost-dusan-tasic\/"},"modified":"2025-10-30T20:00:01","modified_gmt":"2025-10-30T18:00:01","slug":"tetke-s06e04-femica-sa-juga-gost-dusan-tasic","status":"publish","type":"post","link":"https:\/\/podcast.rs\/en\/tetke-s06e04-femica-sa-juga-gost-dusan-tasic\/","title":{"rendered":"TETKE \u2013 S06E04 \/ Femica sa juga (gost: Du\u0161an Tasi\u0107)"},"content":{"rendered":"<p>\ud83d\udcb9 Podr\u017eite nas na <a href=\"\/en\/patreon.com\/TetkePodkast\/\" target=\"_blank\" rel=\"noopener noreferer\">patreonu<\/a>.<\/p>\n<\/p>\n<p>U susret velikom protestu povodom godi\u0161njice pada nadstre\u0161nice u Novom Sadu, snimili smo epizodu sa tiktokerom, blokaderom i na\u0161om omiljenom femicom sa juga, Du\u0161anom Tasi\u0107em.<\/p>\n<p>Pri\u010dali smo o blokadama, borbi studenata, ali i influenserima, pa \u010dak i o tome kako izgleda biti gej u Ni\u0161u.<\/p>\n<\/p>\n<p>Du\u0161ana mo\u017eete zapratiti na <a href=\"https:\/\/www.tiktok.com\/@dusan.tasic\" target=\"_blank\" rel=\"noopener noreferer\">tiktoku<\/a> i <a href=\"https:\/\/www.instagram.com\/duscn\" target=\"_blank\" rel=\"noopener noreferer\">instagramu<\/a> <\/p>\n<\/p>\n<p>\ud83d\uddbc\ufe0f Prijatelj emisije: <a href=\"https:\/\/www.instagram.com\/viewpoint_galerija\" target=\"_blank\" rel=\"noopener noreferer\">Viewpoint galerija<\/a><\/p>\n<\/p>\n<p>\ud83e\udea9 Vidi kad je slede\u0107a <a href=\"https:\/\/www.instagram.com\/tunparty\" target=\"_blank\" rel=\"noopener noreferer\">TUN \u017eurka<\/a>!<\/p>\n<\/p>\n<p>\ud83d\udc85\ud83c\udffc Alexisini nokti: <a href=\"https:\/\/www.instagram.com\/nails_pwr\" target=\"_blank\" rel=\"noopener noreferer\">Nails Power <\/a><\/p>\n<\/p>\n<p>\ud83d\udc84 Alexisina \u0161minka: Ognjen Stefanovi\u0107<\/p>\n<\/p>\n<p>\ud83d\udc87\ud83c\udffc\u200d\u2640\ufe0f Alexisina perika: Hydra<\/p>\n<\/p>\n<p>\ud83c\udfa8 Dizajn \u0161pice: <a href=\"https:\/\/www.instagram.com\/vladimir.bmp\" target=\"_blank\" rel=\"noopener noreferer\">Vladimir Pavlovi\u0107<\/a> <\/p>\n<\/p>\n<p>\ud83c\udf99\ufe0f Voditeljke:<a href=\"https:\/\/www.instagram.com\/alexisplastic\" target=\"_blank\" rel=\"noopener noreferer\"> Alexis Plastic <\/a> \/ <a href=\"https:\/\/www.instagram.com\/vojinovic.jpg\" target=\"_blank\" rel=\"noopener noreferer\">Goran <\/a> \/ <a href=\"https:\/\/www.instagram.com\/meeyodrag\" target=\"_blank\" rel=\"noopener noreferer\">Meeyodrag <\/a><\/p>","protected":false},"excerpt":{"rendered":"<p>\ud83d\udcb9 Podr\u017eite nas na patreonu. U susret velikom protestu povodom godi\u0161njice pada nadstre\u0161nice u Novom Sadu, snimili smo epizodu sa tiktokerom, blokaderom i na\u0161om omiljenom femicom sa juga, Du\u0161anom Tasi\u0107em. Pri\u010dali smo o blokadama, borbi studenata, ali i influenserima, pa \u010dak i o tome kako izgleda biti gej u Ni\u0161u. Du\u0161ana mo\u017eete zapratiti na tiktoku&#8230;<\/p>","protected":false},"author":6,"featured_media":145892,"comment_status":"","ping_status":"closed","sticky":false,"template":"","format":"standard","meta":{"footnotes":""},"categories":[645],"tags":[],"class_list":["post-536726","post","type-post","status-publish","format-standard","has-post-thumbnail","hentry","category-tetke"],"_links":{"self":[{"href":"https:\/\/podcast.rs\/en\/wp-json\/wp\/v2\/posts\/536726","targetHints":{"allow":["GET"]}}],"collection":[{"href":"https:\/\/podcast.rs\/en\/wp-json\/wp\/v2\/posts"}],"about":[{"href":"https:\/\/podcast.rs\/en\/wp-json\/wp\/v2\/types\/post"}],"author":[{"embeddable":true,"href":"https:\/\/podcast.rs\/en\/wp-json\/wp\/v2\/users\/6"}],"replies":[{"embeddable":true,"href":"https:\/\/podcast.rs\/en\/wp-json\/wp\/v2\/comments?post=536726"}],"version-history":[{"count":0,"href":"https:\/\/podcast.rs\/en\/wp-json\/wp\/v2\/posts\/536726\/revisions"}],"wp:featuredmedia":[{"embeddable":true,"href":"https:\/\/podcast.rs\/en\/wp-json\/wp\/v2\/media\/145892"}],"wp:attachment":[{"href":"https:\/\/podcast.rs\/en\/wp-json\/wp\/v2\/media?parent=536726"}],"wp:term":[{"taxonomy":"category","embeddable":true,"href":"https:\/\/podcast.rs\/en\/wp-json\/wp\/v2\/categories?post=536726"},{"taxonomy":"post_tag","embeddable":true,"href":"https:\/\/podcast.rs\/en\/wp-json\/wp\/v2\/tags?post=536726"}],"curies":[{"name":"wp","href":"https:\/\/api.w.org\/{rel}","templated":true}]}}