{"id":52775,"date":"2022-04-22T15:00:43","date_gmt":"2022-04-22T13:00:43","guid":{"rendered":"https:\/\/podcast.rs\/?p=52775"},"modified":"2022-04-22T16:25:07","modified_gmt":"2022-04-22T14:25:07","slug":"dubioza-kolektiv-dolazi-u-nemacku-tvoj-korzo-petkom","status":"publish","type":"post","link":"https:\/\/podcast.rs\/en\/dubioza-kolektiv-dolazi-u-nemacku-tvoj-korzo-petkom\/","title":{"rendered":"Dubioza Kolektiv dolazi u Nema\u010dku &#8211; Tvoj korzo petkom!"},"content":{"rendered":"<p>      Bosanskohercegova\u010dki sastav Dubioza Kolektiv odr\u017ea\u0107e osam koncerata u Nema\u010dkoj, prvi je 27. aprila u Berlinu, a potom su na redu Bremen, Drezden, Minhen, Ulm, Ahen, Diseldorf i Frajburg. Vi\u0161e nego dovoljno razloga da porazgovoramo sa jednim od \u010delnih ljudi Dubioze Kolektiva, Branom Jakobovi\u0107em. Ovog petka muzi\u010dke novosti nam sti\u017eu iz Hrvatske. O koncertu Mi\u0161e Kova\u010da u Splitu, kao i novim pesmama Kor\u010dulanina Bruna Filipovi\u0107a i sastava &#8222;Klinika Denisa Kataneca&#8220;  razgovoramo sa Zoranom Sto\u0161i\u0107em.<\/p>","protected":false},"excerpt":{"rendered":"<p>Bosanskohercegova\u010dki sastav Dubioza Kolektiv odr\u017ea\u0107e osam koncerata u Nema\u010dkoj, prvi je 27. aprila u Berlinu, a potom su na redu Bremen, Drezden, Minhen, Ulm, Ahen, Diseldorf i Frajburg. Vi\u0161e nego dovoljno razloga da porazgovoramo sa jednim od \u010delnih ljudi Dubioze Kolektiva, Branom Jakobovi\u0107em. Ovog petka muzi\u010dke novosti nam sti\u017eu iz Hrvatske. O koncertu Mi\u0161e Kova\u010da&#8230;<\/p>","protected":false},"author":3,"featured_media":48737,"comment_status":"close","ping_status":"closed","sticky":false,"template":"","format":"audio","meta":{"footnotes":""},"categories":[183],"tags":[],"class_list":["post-52775","post","type-post","status-publish","format-audio","has-post-thumbnail","hentry","category-cosmo","post_format-post-format-audio"],"_links":{"self":[{"href":"https:\/\/podcast.rs\/en\/wp-json\/wp\/v2\/posts\/52775","targetHints":{"allow":["GET"]}}],"collection":[{"href":"https:\/\/podcast.rs\/en\/wp-json\/wp\/v2\/posts"}],"about":[{"href":"https:\/\/podcast.rs\/en\/wp-json\/wp\/v2\/types\/post"}],"author":[{"embeddable":true,"href":"https:\/\/podcast.rs\/en\/wp-json\/wp\/v2\/users\/3"}],"replies":[{"embeddable":true,"href":"https:\/\/podcast.rs\/en\/wp-json\/wp\/v2\/comments?post=52775"}],"version-history":[{"count":1,"href":"https:\/\/podcast.rs\/en\/wp-json\/wp\/v2\/posts\/52775\/revisions"}],"predecessor-version":[{"id":52776,"href":"https:\/\/podcast.rs\/en\/wp-json\/wp\/v2\/posts\/52775\/revisions\/52776"}],"wp:featuredmedia":[{"embeddable":true,"href":"https:\/\/podcast.rs\/en\/wp-json\/wp\/v2\/media\/48737"}],"wp:attachment":[{"href":"https:\/\/podcast.rs\/en\/wp-json\/wp\/v2\/media?parent=52775"}],"wp:term":[{"taxonomy":"category","embeddable":true,"href":"https:\/\/podcast.rs\/en\/wp-json\/wp\/v2\/categories?post=52775"},{"taxonomy":"post_tag","embeddable":true,"href":"https:\/\/podcast.rs\/en\/wp-json\/wp\/v2\/tags?post=52775"}],"curies":[{"name":"wp","href":"https:\/\/api.w.org\/{rel}","templated":true}]}}