{"id":52713,"date":"2022-04-20T20:05:48","date_gmt":"2022-04-20T18:05:48","guid":{"rendered":"https:\/\/podcast.rs\/?p=52713"},"modified":"2022-04-20T20:31:18","modified_gmt":"2022-04-20T18:31:18","slug":"ivana-blecic-odbojkasica-menadzerka-nlp-trener-pesnikinja-crvena-fusnota-ep-2","status":"publish","type":"post","link":"https:\/\/podcast.rs\/en\/ivana-blecic-odbojkasica-menadzerka-nlp-trener-pesnikinja-crvena-fusnota-ep-2\/","title":{"rendered":"Ivana Ble\u010di\u0107 &#8211; odbojka\u0161ica, menad\u017eerka, NLP trener, pesnikinja | Crvena fusnota ep 2"},"content":{"rendered":"<p>Ivana Ble\u010di\u0107 je biv\u0161a profesionalna odbojka\u0161ica, asistentkinja na fakultetu, magistar ekonomskih nauka, biznis kou\u010d, edukator u oblasti komunikacija i li\u010dnog razvoja. Poslednjih 10 godina vodila je timove na razli\u010ditim pozicijama (menad\u017eer kvaliteta, Customer care Manager, HR manager, operativni menad\u017eer, direktor prodaje, direktor postprodaje i generalni direktor) i ve\u0107  pri prvom kontaktu oseti\u0107ete kako liderstvo iz nje pulsira. Pi\u0161e pesme o li\u010dnom razvoju, a sebe je predstavila &#8211; stihovima. Mama je dva de\u010daka, koji su je inspirisali da te\u017ei svojoj sre\u0107i i prihvati razli\u010ditosti. Jesenas je osvojila Kilimand\u017earo i partner na toj ekspediciji joj je bilo Generali osiguranje (https:\/\/bit.ly\/gputnosiguranje). Sa tog putovanja pisala je reporta\u017ee i producirala TV emisiju, jer ka\u017ee da ni\u0161ta ne ume da radi na malo. Sada priprema novu porodi\u010dnu avanturu. Ne ume da prepri\u010da neko svoje iskustvo, a da ne ka\u017ee kakvo je bilo to u\u010denje.<\/p>\n<p>Serijal Crvena *fusnota radim u partnerstvu sa kompanijom Generali osiguranje Srbija, drugom po veli\u010dini osiguravaju\u0107om kompanijom na doma\u0107em tr\u017ei\u0161tu.<br \/>\n\u0160ta nas povezuje? Generali te\u017ei da bude do\u017eivotna podr\u0161ka svojim klijentima kroz prilago\u0111avanje usluga. Brine o potencijalu svakog pojedinca, \u0161to je va\u017eno za dobro partnerstvo i u biznisu i u privatnom \u017eivotu. <\/p>\n<p>Teme u ovoj epizodi:<br \/>\n00:00 &#8211; Uvod<br \/>\n01:20 &#8211; Ko je u su\u0161tini Ivana Ble\u010di\u0107 kada se zanemare sve poslovne titule i titule ste\u010dene obrazovanjem?<br \/>\n02:52 &#8211; \u201cNajvi\u0161e sam u\u017eivala u odbojci kada sam prestala profesionalno da se bavim!\u201d<br \/>\n06:53 &#8211; Kako je izgledao proces dono\u0161enja te\u0161ke odluke da Ivana prestane da se profesionalno bavi odbojkom?<br \/>\n11:15 &#8211; Kako izgleda primena ste\u010denih znanja u praksi?<br \/>\n14:45 &#8211; Edukacije &#8211; Ivana je \u017eena za sve?<br \/>\n16:15 &#8211; Liderstvo &#8211; kako osna\u017eiti \u017eene?<br \/>\n21:10 &#8211; Maj\u010dinstvo kao motivacila i inspiracija<br \/>\n30:45 &#8211; Za promenu i transformaciju treba vremena<br \/>\n33:52 &#8211; Otkud pisanje u \u010ditavom spektru Ivaninog interesovanja?<br \/>\n37:37 &#8211; Izazov &#8211; osvajanje Kilimand\u017eara<br \/>\n47:00 &#8211; Eukativni turizam &#8211; \u0161ta je to novo \u0161to Ivana planira?<br \/>\n52:00 &#8211; Kako to izgleda biti Ivana na dnevno-operativnom nivou?<br \/>\n54:20 &#8211; Kako dr\u017eati glavu iznad vode u te\u0161kim situacijama?<br \/>\n&#8212;&#8212;&#8212;&#8212;&#8212;&#8211;<br \/>\nMuzika za \u0161picu: Sanja Stevanov<br \/>\n<iframe title=\"Sanja S\" width=\"1200\" height=\"450\" scrolling=\"no\" frameborder=\"no\" src=\"https:\/\/w.soundcloud.com\/player\/?visual=true&#038;url=https%3A%2F%2Fapi.soundcloud.com%2Fusers%2F263799157&#038;show_artwork=true&#038;maxheight=1000&#038;maxwidth=1200\"><\/iframe><\/p>","protected":false},"excerpt":{"rendered":"<p>Ivana Ble\u010di\u0107 je biv\u0161a profesionalna odbojka\u0161ica, asistentkinja na fakultetu, magistar ekonomskih nauka, biznis kou\u010d, edukator u oblasti komunikacija i li\u010dnog razvoja. Poslednjih 10 godina vodila je timove na razli\u010ditim pozicijama (menad\u017eer kvaliteta, Customer care Manager, HR manager, operativni menad\u017eer, direktor prodaje, direktor postprodaje i generalni direktor) i ve\u0107 pri prvom kontaktu oseti\u0107ete kako liderstvo iz&#8230;<\/p>","protected":false},"author":3,"featured_media":48826,"comment_status":"close","ping_status":"closed","sticky":false,"template":"","format":"audio","meta":{"footnotes":""},"categories":[367],"tags":[],"class_list":["post-52713","post","type-post","status-publish","format-audio","has-post-thumbnail","hentry","category-fusnota","post_format-post-format-audio"],"_links":{"self":[{"href":"https:\/\/podcast.rs\/en\/wp-json\/wp\/v2\/posts\/52713","targetHints":{"allow":["GET"]}}],"collection":[{"href":"https:\/\/podcast.rs\/en\/wp-json\/wp\/v2\/posts"}],"about":[{"href":"https:\/\/podcast.rs\/en\/wp-json\/wp\/v2\/types\/post"}],"author":[{"embeddable":true,"href":"https:\/\/podcast.rs\/en\/wp-json\/wp\/v2\/users\/3"}],"replies":[{"embeddable":true,"href":"https:\/\/podcast.rs\/en\/wp-json\/wp\/v2\/comments?post=52713"}],"version-history":[{"count":1,"href":"https:\/\/podcast.rs\/en\/wp-json\/wp\/v2\/posts\/52713\/revisions"}],"predecessor-version":[{"id":52714,"href":"https:\/\/podcast.rs\/en\/wp-json\/wp\/v2\/posts\/52713\/revisions\/52714"}],"wp:featuredmedia":[{"embeddable":true,"href":"https:\/\/podcast.rs\/en\/wp-json\/wp\/v2\/media\/48826"}],"wp:attachment":[{"href":"https:\/\/podcast.rs\/en\/wp-json\/wp\/v2\/media?parent=52713"}],"wp:term":[{"taxonomy":"category","embeddable":true,"href":"https:\/\/podcast.rs\/en\/wp-json\/wp\/v2\/categories?post=52713"},{"taxonomy":"post_tag","embeddable":true,"href":"https:\/\/podcast.rs\/en\/wp-json\/wp\/v2\/tags?post=52713"}],"curies":[{"name":"wp","href":"https:\/\/api.w.org\/{rel}","templated":true}]}}