{"id":52670,"date":"2022-04-19T16:00:39","date_gmt":"2022-04-19T14:00:39","guid":{"rendered":"https:\/\/podcast.rs\/?p=52670"},"modified":"2022-04-19T18:25:06","modified_gmt":"2022-04-19T16:25:06","slug":"novi-sad-raznolikost-kreativnost-i-bogati-program","status":"publish","type":"post","link":"https:\/\/podcast.rs\/en\/novi-sad-raznolikost-kreativnost-i-bogati-program\/","title":{"rendered":"Novi Sad \u2013 raznolikost, kreativnost i bogati program"},"content":{"rendered":"<p>      Novi Sad je ove godine Evropska prestonica kulture. Drugi po veli\u010dini srpski grad sada ima priliku da poka\u017ee svu svoju raznolikost i kreativnost. Tokom godine Novi Sad \u0107e ugostiiti vi\u0161e od \u010detiri hiljade regionalnih i doma\u0107ih umetnika, u planu je vi\u0161e od 1.500 kulturnih doga\u0111aja. Kakav je program? \u0160ta ne bi trebalo propustiti? O tome razgovaramo sa kolegom Aleksandrom Timofejevim i predsednikom Fondacije \u201eNovi Sad &#8211; Evropska prestonica kulture\u201c Nemanjom Milenkovi\u0107em.<\/p>","protected":false},"excerpt":{"rendered":"<p>Novi Sad je ove godine Evropska prestonica kulture. Drugi po veli\u010dini srpski grad sada ima priliku da poka\u017ee svu svoju raznolikost i kreativnost. Tokom godine Novi Sad \u0107e ugostiiti vi\u0161e od \u010detiri hiljade regionalnih i doma\u0107ih umetnika, u planu je vi\u0161e od 1.500 kulturnih doga\u0111aja. Kakav je program? \u0160ta ne bi trebalo propustiti? O tome&#8230;<\/p>","protected":false},"author":3,"featured_media":48737,"comment_status":"close","ping_status":"closed","sticky":false,"template":"","format":"audio","meta":{"footnotes":""},"categories":[183],"tags":[],"class_list":["post-52670","post","type-post","status-publish","format-audio","has-post-thumbnail","hentry","category-cosmo","post_format-post-format-audio"],"_links":{"self":[{"href":"https:\/\/podcast.rs\/en\/wp-json\/wp\/v2\/posts\/52670","targetHints":{"allow":["GET"]}}],"collection":[{"href":"https:\/\/podcast.rs\/en\/wp-json\/wp\/v2\/posts"}],"about":[{"href":"https:\/\/podcast.rs\/en\/wp-json\/wp\/v2\/types\/post"}],"author":[{"embeddable":true,"href":"https:\/\/podcast.rs\/en\/wp-json\/wp\/v2\/users\/3"}],"replies":[{"embeddable":true,"href":"https:\/\/podcast.rs\/en\/wp-json\/wp\/v2\/comments?post=52670"}],"version-history":[{"count":1,"href":"https:\/\/podcast.rs\/en\/wp-json\/wp\/v2\/posts\/52670\/revisions"}],"predecessor-version":[{"id":52671,"href":"https:\/\/podcast.rs\/en\/wp-json\/wp\/v2\/posts\/52670\/revisions\/52671"}],"wp:featuredmedia":[{"embeddable":true,"href":"https:\/\/podcast.rs\/en\/wp-json\/wp\/v2\/media\/48737"}],"wp:attachment":[{"href":"https:\/\/podcast.rs\/en\/wp-json\/wp\/v2\/media?parent=52670"}],"wp:term":[{"taxonomy":"category","embeddable":true,"href":"https:\/\/podcast.rs\/en\/wp-json\/wp\/v2\/categories?post=52670"},{"taxonomy":"post_tag","embeddable":true,"href":"https:\/\/podcast.rs\/en\/wp-json\/wp\/v2\/tags?post=52670"}],"curies":[{"name":"wp","href":"https:\/\/api.w.org\/{rel}","templated":true}]}}