{"id":524632,"date":"2025-10-23T21:07:40","date_gmt":"2025-10-23T19:07:40","guid":{"rendered":"https:\/\/podcast.rs\/107-hitlerove-cistke-noc-dugih-nozeva\/"},"modified":"2025-10-23T21:07:40","modified_gmt":"2025-10-23T19:07:40","slug":"107-hitlerove-cistke-noc-dugih-nozeva","status":"publish","type":"post","link":"https:\/\/podcast.rs\/en\/107-hitlerove-cistke-noc-dugih-nozeva\/","title":{"rendered":"107 &#8211; Hitlerove \u010distke &#8211; no\u0107 dugih no\u017eeva"},"content":{"rendered":"<p>Podr\u017eite nas na Patreonu <a target=\"_blank\" rel=\"noopener noreferrer nofollow\" href=\"https:\/\/www.patreon.com\/c\/HistoryCast\">https:\/\/www.patreon.com\/c\/HistoryCast<\/a> <\/p>\n<p>Ovu epizodu omogu\u0107ili su vam na\u0161i sponzori na Patreonu. <\/p>\n<p>U ovoj epizodi istra\u017eujemo jedan od najdramati\u010dnijih doga\u0111aja u nacisti\u010dkoj Nema\u010dkoj &#8211; No\u0107 dugih no\u017eeva. Ova krvava \u010distka, koja se dogodila izme\u0111u 29. juna i 2. jula 1934. godine, zauvek je promenila tok Hitlerove vlasti i obele\u017eila po\u010detak brutalne nacisti\u010dke tiranije. Kako su ambicije, strahovi i politi\u010dki manevri doveli do toga da Hitler elimini\u0161e svoje najbli\u017ee saradnike? Ko je bio Ernst Rem i za\u0161to je SA, nekada\u0161nji stub nacisti\u010dkog pokreta, morala biti uni\u0161tena? Kroz pri\u010du o krvavom obra\u010dunu unutar nacisti\u010dkog re\u017eima, istra\u017eujemo kako je Adolf Hitler iskoristio politi\u010dku paranoju, unutra\u0161nje sukobe i brutalne metode da u\u010dvrsti svoju mo\u0107. \u0160ta je zapravo pokrenulo ovu \u010distku? Ko su bile \u017ertve, a ko profiteri ovog doga\u0111aja? I, najva\u017enije, kako je ova no\u0107 oblikovala sudbinu Nema\u010dke, ali i sveta u godinama koje su usledile? U ovoj epizodi na\u0161i istori\u010dari Ivan Drlja\u010da i Nikola \u0110uki\u0107 pru\u017ei\u0107e vam detaljan uvid u spletke, izdaje i paranoju iza kulisa nacisti\u010dke vlasti. Tu su i pri\u010de o klju\u010dnim figurama poput Ernsta Rema, Jozefa Gebelsa, Hermana Geringa i Hajnriha Himlera, kao i analiza uticaja ovog doga\u0111aja na nacisti\u010dki re\u017eim i me\u0111unarodnu politiku.<\/p>","protected":false},"excerpt":{"rendered":"<p>Podr\u017eite nas na Patreonu https:\/\/www.patreon.com\/c\/HistoryCast Ovu epizodu omogu\u0107ili su vam na\u0161i sponzori na Patreonu. U ovoj epizodi istra\u017eujemo jedan od najdramati\u010dnijih doga\u0111aja u nacisti\u010dkoj Nema\u010dkoj &#8211; No\u0107 dugih no\u017eeva. Ova krvava \u010distka, koja se dogodila izme\u0111u 29. juna i 2. jula 1934. godine, zauvek je promenila tok Hitlerove vlasti i obele\u017eila po\u010detak brutalne nacisti\u010dke tiranije&#8230;.<\/p>","protected":false},"author":3,"featured_media":90497,"comment_status":"","ping_status":"closed","sticky":false,"template":"","format":"standard","meta":{"footnotes":""},"categories":[558],"tags":[],"class_list":["post-524632","post","type-post","status-publish","format-standard","has-post-thumbnail","hentry","category-historycast"],"_links":{"self":[{"href":"https:\/\/podcast.rs\/en\/wp-json\/wp\/v2\/posts\/524632","targetHints":{"allow":["GET"]}}],"collection":[{"href":"https:\/\/podcast.rs\/en\/wp-json\/wp\/v2\/posts"}],"about":[{"href":"https:\/\/podcast.rs\/en\/wp-json\/wp\/v2\/types\/post"}],"author":[{"embeddable":true,"href":"https:\/\/podcast.rs\/en\/wp-json\/wp\/v2\/users\/3"}],"replies":[{"embeddable":true,"href":"https:\/\/podcast.rs\/en\/wp-json\/wp\/v2\/comments?post=524632"}],"version-history":[{"count":0,"href":"https:\/\/podcast.rs\/en\/wp-json\/wp\/v2\/posts\/524632\/revisions"}],"wp:featuredmedia":[{"embeddable":true,"href":"https:\/\/podcast.rs\/en\/wp-json\/wp\/v2\/media\/90497"}],"wp:attachment":[{"href":"https:\/\/podcast.rs\/en\/wp-json\/wp\/v2\/media?parent=524632"}],"wp:term":[{"taxonomy":"category","embeddable":true,"href":"https:\/\/podcast.rs\/en\/wp-json\/wp\/v2\/categories?post=524632"},{"taxonomy":"post_tag","embeddable":true,"href":"https:\/\/podcast.rs\/en\/wp-json\/wp\/v2\/tags?post=524632"}],"curies":[{"name":"wp","href":"https:\/\/api.w.org\/{rel}","templated":true}]}}