{"id":52270,"date":"2022-04-07T17:00:43","date_gmt":"2022-04-07T15:00:43","guid":{"rendered":"https:\/\/podcast.rs\/?p=52270"},"modified":"2022-04-07T18:25:06","modified_gmt":"2022-04-07T16:25:06","slug":"roman-ministar-stefana-boskovica-objavljen-u-nemackoj","status":"publish","type":"post","link":"https:\/\/podcast.rs\/en\/roman-ministar-stefana-boskovica-objavljen-u-nemackoj\/","title":{"rendered":"Roman &#8222;Ministar&#8220; Stefana Bo\u0161kovi\u0107a objavljen u Nema\u010dkoj"},"content":{"rendered":"<p>      Jedan od prvih savremenih crnogorskih romana upravo ovih dana je objavljen u Nema\u010dkoj \u2013 roman \u201eMinistar\u201c crnogorskog pisca Stefana Bo\u0161kovi\u0107a. Sa njim je razgovarao kolega Davor Kori\u0107 koji u prvom delu podkasta govori o radnji romana, a u drugom delu prevoditeljka Elvira Veselinovi\u0107 govori o tome kako je protekao rad na prevo\u0111enju knjige \u201eMinistar\u201c i uop\u0161te o prevodila\u010dkom radu.<\/p>","protected":false},"excerpt":{"rendered":"<p>Jedan od prvih savremenih crnogorskih romana upravo ovih dana je objavljen u Nema\u010dkoj \u2013 roman \u201eMinistar\u201c crnogorskog pisca Stefana Bo\u0161kovi\u0107a. Sa njim je razgovarao kolega Davor Kori\u0107 koji u prvom delu podkasta govori o radnji romana, a u drugom delu prevoditeljka Elvira Veselinovi\u0107 govori o tome kako je protekao rad na prevo\u0111enju knjige \u201eMinistar\u201c i&#8230;<\/p>","protected":false},"author":3,"featured_media":48737,"comment_status":"close","ping_status":"closed","sticky":false,"template":"","format":"audio","meta":{"footnotes":""},"categories":[183],"tags":[],"class_list":["post-52270","post","type-post","status-publish","format-audio","has-post-thumbnail","hentry","category-cosmo","post_format-post-format-audio"],"_links":{"self":[{"href":"https:\/\/podcast.rs\/en\/wp-json\/wp\/v2\/posts\/52270","targetHints":{"allow":["GET"]}}],"collection":[{"href":"https:\/\/podcast.rs\/en\/wp-json\/wp\/v2\/posts"}],"about":[{"href":"https:\/\/podcast.rs\/en\/wp-json\/wp\/v2\/types\/post"}],"author":[{"embeddable":true,"href":"https:\/\/podcast.rs\/en\/wp-json\/wp\/v2\/users\/3"}],"replies":[{"embeddable":true,"href":"https:\/\/podcast.rs\/en\/wp-json\/wp\/v2\/comments?post=52270"}],"version-history":[{"count":1,"href":"https:\/\/podcast.rs\/en\/wp-json\/wp\/v2\/posts\/52270\/revisions"}],"predecessor-version":[{"id":52271,"href":"https:\/\/podcast.rs\/en\/wp-json\/wp\/v2\/posts\/52270\/revisions\/52271"}],"wp:featuredmedia":[{"embeddable":true,"href":"https:\/\/podcast.rs\/en\/wp-json\/wp\/v2\/media\/48737"}],"wp:attachment":[{"href":"https:\/\/podcast.rs\/en\/wp-json\/wp\/v2\/media?parent=52270"}],"wp:term":[{"taxonomy":"category","embeddable":true,"href":"https:\/\/podcast.rs\/en\/wp-json\/wp\/v2\/categories?post=52270"},{"taxonomy":"post_tag","embeddable":true,"href":"https:\/\/podcast.rs\/en\/wp-json\/wp\/v2\/tags?post=52270"}],"curies":[{"name":"wp","href":"https:\/\/api.w.org\/{rel}","templated":true}]}}