{"id":52206,"date":"2022-04-06T06:21:00","date_gmt":"2022-04-06T04:21:00","guid":{"rendered":"https:\/\/podcast.rs\/?p=52206"},"modified":"2022-04-06T06:30:51","modified_gmt":"2022-04-06T04:30:51","slug":"dusan-lalic-pravnik-direktor-marketinga-maratonac-fotograf-crvena-fusnota-ep-1","status":"publish","type":"post","link":"https:\/\/podcast.rs\/en\/dusan-lalic-pravnik-direktor-marketinga-maratonac-fotograf-crvena-fusnota-ep-1\/","title":{"rendered":"Du\u0161an Lali\u0107 &#8211; pravnik, direktor marketinga, maratonac, fotograf | Crvena fusnota ep 1"},"content":{"rendered":"<p>Du\u0161an je kreativni pravnik u patikama za tr\u010danje. U mladosti je \u017eiveo na nekoliko kontinenata, te je nomadski \u017eivot doprineo da se lako prilagodi promenama i da ga kritika motivi\u0161e. Pre 30. godine postao je direktor na vrlo odgovornoj poziciji u dr\u017eavnoj instituciji. Tokom karijere je menjao krute, ustaljene obrasce pona\u0161anja i sada stavlja fokus na proaktivnost, jednostavnost i saose\u0107ajnost. Du\u0161an Lali\u0107 je direktor marketinga i brige o korisnicima i pridru\u017eeni \u010dlan Izvr\u0161nog odbora Generali osiguranja Srbija. Ne voli da govori o svojim hobijima (spojler: mi smo o tome pri\u010dali!), ali svoje kolege podsti\u010de da imaju razli\u010dita interesovanja i van posla.<\/p>\n<p>Serijal Crvena *fusnota radim u partnerstvu sa kompanijom Generali osiguranje Srbija, drugom po veli\u010dini osiguravaju\u0107om kompanijom na doma\u0107em tr\u017ei\u0161tu.<br \/>\n\u0160ta nas povezuje? Generali te\u017ei da bude do\u017eivotna podr\u0161ka svojim klijentima kroz prilago\u0111avanje usluga. Brine o potencijalu svakog pojedinca, \u0161to je va\u017eno za dobro partnerstvo i u biznisu i u privatnom \u017eivotu.<br \/>\nVa\u017eno je da istaknem i ovo: Generali je prva finansijska organizacija u Srbiji i regionu koja je dobila potpuni sertifikat Family Friendly Enterprise. On se dodeljuje kompanijama koje brinu o zaposlenima tako \u0161to im nude razne pogodnosti koje im poma\u017eu da usklade privatni \u017eivot sa poslom, te ostvare i svoje druge potencijale.<br \/>\nSaznajte koje su nove otvorene pozicije u kompaniji Generali osiguranje Srbija https:\/\/www.generali.rs\/karijera_2\/kako_da_postanes_deo_naseg_tima.1258.html<\/p>\n<p>Teme u ovoj epizodi:<br \/>\n00:00 &#8211; Uvod<br \/>\n01:33 &#8211; Ko je u su\u0161tini Du\u0161an Lali\u0107 kada se zanemare sve poslovne titule i titule ste\u010dene obrazovanjem?<br \/>\n02:56 &#8211; Kako je na Du\u0161ana uticao vi\u0161egodi\u0161nji \u017eivot na razli\u010ditim kontinentima?<br \/>\n09:12 &#8211; Porodica kao svrha svega<br \/>\n09:51 &#8211; Hobiji i komentari okoline<br \/>\n19:25 &#8211; Generali osiguranje Srbija &#8211; Family Friendly Enterprise sertifikat- \u0161ta to zna\u010di?<br \/>\n23:55 &#8211; Uticaj ovakvog na\u010dina rada na rezultate Du\u0161anovog tima<br \/>\n25:25 &#8211; LTP pona\u0161anje u kompaniji &#8211; 4 pravila pona\u0161anja<br \/>\n28:26 &#8211; Kako se posti\u017ee jednostavnost u poslovanju?<br \/>\n36:10 &#8211; Kako prihvatiti prigovor klijenta, odnosno kritiku?<br \/>\n39:36 &#8211; Podr\u0161ka po\u010detnicima &#8211; konstruktivna kritika<br \/>\n44:21 &#8211; Promene ustaljenih obrazaca pona\u0161anja<br \/>\n52:10 &#8211; Zanimljiva situacija koju \u0107e Du\u0161an pamtiti i prepri\u010davati<br \/>\n56:00 &#8211; Zna\u010daj osiguranja i edukacija korisnika<br \/>\n01:02:00 &#8211; Bez kog znanja ili ve\u0161tine Du\u0161an Lali\u0107 ne bi bio danas ono \u0161to jeste?<\/p>\n<p>__________<br \/>\nMuzika za \u0161picu: Sanja Stevanov<br \/>\n<iframe title=\"Sanja S\" width=\"1200\" height=\"450\" scrolling=\"no\" frameborder=\"no\" src=\"https:\/\/w.soundcloud.com\/player\/?visual=true&#038;url=https%3A%2F%2Fapi.soundcloud.com%2Fusers%2F263799157&#038;show_artwork=true&#038;maxheight=1000&#038;maxwidth=1200\"><\/iframe><\/p>","protected":false},"excerpt":{"rendered":"<p>Du\u0161an je kreativni pravnik u patikama za tr\u010danje. U mladosti je \u017eiveo na nekoliko kontinenata, te je nomadski \u017eivot doprineo da se lako prilagodi promenama i da ga kritika motivi\u0161e. Pre 30. godine postao je direktor na vrlo odgovornoj poziciji u dr\u017eavnoj instituciji. Tokom karijere je menjao krute, ustaljene obrasce pona\u0161anja i sada stavlja fokus&#8230;<\/p>","protected":false},"author":3,"featured_media":48826,"comment_status":"close","ping_status":"closed","sticky":false,"template":"","format":"audio","meta":{"footnotes":""},"categories":[367],"tags":[],"class_list":["post-52206","post","type-post","status-publish","format-audio","has-post-thumbnail","hentry","category-fusnota","post_format-post-format-audio"],"_links":{"self":[{"href":"https:\/\/podcast.rs\/en\/wp-json\/wp\/v2\/posts\/52206","targetHints":{"allow":["GET"]}}],"collection":[{"href":"https:\/\/podcast.rs\/en\/wp-json\/wp\/v2\/posts"}],"about":[{"href":"https:\/\/podcast.rs\/en\/wp-json\/wp\/v2\/types\/post"}],"author":[{"embeddable":true,"href":"https:\/\/podcast.rs\/en\/wp-json\/wp\/v2\/users\/3"}],"replies":[{"embeddable":true,"href":"https:\/\/podcast.rs\/en\/wp-json\/wp\/v2\/comments?post=52206"}],"version-history":[{"count":1,"href":"https:\/\/podcast.rs\/en\/wp-json\/wp\/v2\/posts\/52206\/revisions"}],"predecessor-version":[{"id":52207,"href":"https:\/\/podcast.rs\/en\/wp-json\/wp\/v2\/posts\/52206\/revisions\/52207"}],"wp:featuredmedia":[{"embeddable":true,"href":"https:\/\/podcast.rs\/en\/wp-json\/wp\/v2\/media\/48826"}],"wp:attachment":[{"href":"https:\/\/podcast.rs\/en\/wp-json\/wp\/v2\/media?parent=52206"}],"wp:term":[{"taxonomy":"category","embeddable":true,"href":"https:\/\/podcast.rs\/en\/wp-json\/wp\/v2\/categories?post=52206"},{"taxonomy":"post_tag","embeddable":true,"href":"https:\/\/podcast.rs\/en\/wp-json\/wp\/v2\/tags?post=52206"}],"curies":[{"name":"wp","href":"https:\/\/api.w.org\/{rel}","templated":true}]}}