{"id":518748,"date":"2025-10-21T09:34:32","date_gmt":"2025-10-21T07:34:32","guid":{"rendered":"https:\/\/podcast.rs\/ep04-andrea-darabasic-25-od-mode-do-hr-a-karijera-po-svojoj-meri-%f0%9f%9b%8d%ef%b8%8f-%e2%9c%8d%ef%b8%8f-%f0%9f%92%bc\/"},"modified":"2025-10-21T09:34:32","modified_gmt":"2025-10-21T07:34:32","slug":"ep04-andrea-darabasic-25-od-mode-do-hr-a-karijera-po-svojoj-meri-%f0%9f%9b%8d%ef%b8%8f-%e2%9c%8d%ef%b8%8f-%f0%9f%92%bc","status":"publish","type":"post","link":"https:\/\/podcast.rs\/en\/ep04-andrea-darabasic-25-od-mode-do-hr-a-karijera-po-svojoj-meri-%f0%9f%9b%8d%ef%b8%8f-%e2%9c%8d%ef%b8%8f-%f0%9f%92%bc\/","title":{"rendered":"EP04: Andrea Daraba\u0161i\u0107 (25) Od mode do HR-a, karijera po svojoj meri \ud83d\udecd\ufe0f \u270d\ufe0f \ud83d\udcbc"},"content":{"rendered":"<p>Andreu sam upoznala preko LinkedIn-a, kada se javila i podelila da imamo neka sli\u010dna iskustva i pri\u010de ulaska u poslovni svet sa jako malo godina. Kao neko ko je i sam hteo da se bavi HRom, pa \u010dak i do skoro, volim da mislim da je Andrea ko bih i ja sama bila da sam odabrala da idem tim putem, definitivno ko bih volela da postanem.<\/p>\n<\/p>\n<p>Iako se stalkovanjem njenog LinkedIn-a mo\u017ee saznati dosta, najzanimljiviji delovi njene pri\u010de su upravo ono \u0161to je izostavljeno, procesi razmi\u0161ljanja i preispitivanja pre dono\u0161enja odluka, ciljevi i motivacije za odre\u0111enim koracima i njen pogled na karijeru i profesionalno napredovanje kao mlade osobe danas.<\/p>\n<p>Na\u0161 razgovor mi se toliko svideo da bih volela da je mogao da traje i du\u017ee, tako da se nadam da \u0107e i vama biti podjednako zanimljiv i koristan, bilo da ste neko ko tako\u0111e \u017eeli da radi u HR-u, ili biste samo bolje da upoznate ljude sa druge strane intervjua i review procesa.<\/p>\n<\/p>\n<p>TIME &#8211; KODOVI:<\/p>\n<p><a href=\"https:\/\/www.youtube.com\/watch?v=uhXzXdtHYmI\">00:00:00<\/a> &#8211; Uvod u epizodu i predstavljanje go\u0161\u0107e<\/p>\n<p><a href=\"https:\/\/www.youtube.com\/watch?v=uhXzXdtHYmI&amp;t=91s\">00:01:31<\/a> &#8211; Andrein backstory, odrastanje, putovanja, sloboda i pronala\u017eenje seve<\/p>\n<p><a href=\"https:\/\/www.youtube.com\/watch?v=uhXzXdtHYmI&amp;t=456s\">00:07:36<\/a> &#8211; Film \u201c\u0110avo nosi pradu\u201d, po\u010detak karijere, prva zarada i prvi autorski \u010dlanci, reakcije porodice i okru\u017eenja<\/p>\n<p><a href=\"https:\/\/www.youtube.com\/watch?v=uhXzXdtHYmI&amp;t=947s\">00:15:47<\/a> &#8211; Prvi burnout, \u0161kolovanje, fakultet i prijemni, studije knji\u017eevnosti<\/p>\n<p><a href=\"https:\/\/www.youtube.com\/watch?v=uhXzXdtHYmI&amp;t=1142s\">00:19:02<\/a> &#8211; Prvi pravi posao, predavanje jezika i snala\u017eenje po pitanju finansija<\/p>\n<p><a href=\"https:\/\/www.youtube.com\/watch?v=uhXzXdtHYmI&amp;t=1276s\">00:21:16<\/a> &#8211; Po\u010detak rada sa stranom kompanijom, kako je izgledao posao i kako je to uticalo na nju i njen dalji razvoj<\/p>\n<p><a href=\"https:\/\/www.youtube.com\/watch?v=uhXzXdtHYmI&amp;t=1935s\">00:32:15<\/a> &#8211; Promena posla, kada znas da je pravi trenutak da ides dalje, na\u0111es novu priliku, bolju poziciju +prvi otkaz i kako se razvijala njena pozicija<\/p>\n<p><a href=\"https:\/\/www.youtube.com\/watch?v=uhXzXdtHYmI&amp;t=2329s\">00:38:49<\/a> &#8211; Pitanje finansija, midset i odricanje zbog pozicije, otvorenost u razgovoru o platama<\/p>\n<p><a href=\"https:\/\/www.youtube.com\/watch?v=uhXzXdtHYmI&amp;t=2660s\">00:44:20<\/a> &#8211; Andreina trenutna pozicija, zadu\u017eenja i o\u010dekivanja na radnom mestu<\/p>\n<p><a href=\"https:\/\/www.youtube.com\/watch?v=uhXzXdtHYmI&amp;t=2880s\">00:48:00<\/a> &#8211; Kako pristupiti davanju otkaza, tra\u017eenju povi\u0161ice ili promene pozicije<\/p>\n<p><a href=\"https:\/\/www.youtube.com\/watch?v=uhXzXdtHYmI&amp;t=3345s\">00:55:45<\/a> &#8211; O Careerlaunch projektu, kako je doslo do te ideje, okupljanje tima, prvi veliki uspeh i vredni momenti<\/p>\n<p><a href=\"https:\/\/www.youtube.com\/watch?v=uhXzXdtHYmI&amp;t=3741s\">01:02:21<\/a> &#8211; Top 3 saveta za mlade koji su na po\u010detku, a voleli bi da krenu da rade<\/p>\n<p><a href=\"https:\/\/www.youtube.com\/watch?v=uhXzXdtHYmI&amp;t=3835s\">01:03:55<\/a> &#8211; Top 3 saveta u vezi menjanja poslova, tra\u017eenja sebe<\/p>\n<p><a href=\"https:\/\/www.youtube.com\/watch?v=uhXzXdtHYmI&amp;t=3981s\">01:06:21<\/a> &#8211; Top 3 saveta za ljude koji \u017eele bolju priliku, vi\u0161u poziciju<\/p>\n<p><a href=\"https:\/\/www.youtube.com\/watch?v=uhXzXdtHYmI&amp;t=4155s\">01:09:15<\/a> &#8211; Kako Andrea trenutno radi na svom profesionalnom razvoju<\/p>\n<p><a href=\"https:\/\/www.youtube.com\/watch?v=uhXzXdtHYmI&amp;t=4354s\">01:12:34<\/a> &#8211; Biznis \u0161kola u Barseloni, kako je do\u0161lo do te odluke<\/p>\n<p><a href=\"https:\/\/www.youtube.com\/watch?v=uhXzXdtHYmI&amp;t=4486s\">01:14:46<\/a> &#8211; Koliko sati radi nedeljno, kako organizuje svoje slobodno vreme, kako joj izgleda dan<\/p>\n<p><a href=\"https:\/\/www.youtube.com\/watch?v=uhXzXdtHYmI&amp;t=4653s\">01:17:33<\/a> &#8211; \u0160ta bi poru\u010dila mladima, odakle krenuti, \u0161ta dalje, ulazak na tr\u017ei\u0161te rada, \u0161ta zna\u010di aktivan pristup<\/p>\n<p><a href=\"https:\/\/www.youtube.com\/watch?v=uhXzXdtHYmI&amp;t=4940s\">01:22:20<\/a> &#8211; \u0160ta bi volela da pita nekog starijeg i iskusnijeg u poslu, \u017eivotu..<\/p>\n<p><a href=\"https:\/\/www.youtube.com\/watch?v=uhXzXdtHYmI&amp;t=5080s\">01:24:40<\/a> &#8211; Dodatne poruke podr\u0161ke<\/p>\n<\/p>\n<p>+<\/p>\n<\/p>\n<p>ANDREINI LINKOVI:<\/p>\n<p>LinkedIn &#8211; <a href=\"https:\/\/www.linkedin.com\/in\/darabasic\/\"><u><a href=\"https:\/\/www.linkedin.com\/in\/darabasic\/\" rel=\"nofollow\">https:\/\/www.linkedin.com\/in\/darabasic\/<\/a><\/u><\/a>\u00a0<\/p>\n<p>Career launch sajt &#8211; <a href=\"https:\/\/www.careerlaunch.rs\/\"><u><a href=\"https:\/\/www.careerlaunch.rs\/\" rel=\"nofollow\">https:\/\/www.careerlaunch.rs\/<\/a><\/u><\/a>\u00a0<\/p>\n<p>Career launch Instagram &#8211; <a href=\"https:\/\/www.instagram.com\/careerlaunch.rs\/\"><u><a href=\"https:\/\/www.instagram.com\/careerlaunch.rs\/\" rel=\"nofollow\">https:\/\/www.instagram.com\/careerlaunch.rs\/<\/a><\/u><\/a> Uvod u performance menad\u017ement kurs &#8211; <a href=\"https:\/\/hrcak.co\/course\/upravljaj-performansom\"><u><a href=\"https:\/\/hrcak.co\/course\/upravljaj-performansom\" rel=\"nofollow\">https:\/\/hrcak.co\/course\/upravljaj-performansom<\/a><\/u><\/a>\u00a0<\/p>\n<\/p>\n<p>+<\/p>\n<\/p>\n<p>MOJI LINKOVI:<\/p>\n<p>Instagram &#8211; <a href=\"https:\/\/www.instagram.com\/marijaoverthinker\/\"><u><a href=\"https:\/\/www.instagram.com\/marijaoverthinker\/\" rel=\"nofollow\">https:\/\/www.instagram.com\/marijaoverthinker\/<\/a><\/u><\/a> Tiktok &#8211; <a href=\"https:\/\/www.tiktok.com\/@marijaoverthinker\"><u><a href=\"https:\/\/www.tiktok.com\/@marijaoverthinker\" rel=\"nofollow\">https:\/\/www.tiktok.com\/@marijaoverthinker<\/a><\/u><\/a>\u00a0<\/p>\n<p>LinkedIn &#8211; <a href=\"https:\/\/www.linkedin.com\/in\/marija-raicevic\/\"><u><a href=\"https:\/\/www.linkedin.com\/in\/marija-raicevic\/\" rel=\"nofollow\">https:\/\/www.linkedin.com\/in\/marija-raicevic\/<\/a><\/u><\/a>\u00a0<\/p>\n<p>OverThinker blog &#8211; <a href=\"https:\/\/overthinker.rs\/\"><u><a href=\"https:\/\/overthinker.rs\/\" rel=\"nofollow\">https:\/\/overthinker.rs\/<\/a><\/u><\/a>\u00a0<\/p>\n<\/p>\n<p>+<\/p>\n<\/p>\n<p>KORISNI RESURSI:<\/p>\n<p>Templejt poruke za javljanje &#8211; <a href=\"https:\/\/marijaraicevic.gumroad.com\/l\/poruka-za-javljanje\"><u><a href=\"https:\/\/marijaraicevic.gumroad.com\/l\/poruka-za-javljanje\" rel=\"nofollow\">https:\/\/marijaraicevic.gumroad.com\/l\/poruka-za-javljanje<\/a><\/u><\/a>\u00a0<br \/>OverThinker Telegram zajednica sa prilikama za mlade &#8211; <a href=\"https:\/\/t.me\/overthinker_centar\"><u><a href=\"https:\/\/t.me\/overthinker_centar\" rel=\"nofollow\">https:\/\/t.me\/overthinker_centar<\/a><\/u><\/a> <\/p>","protected":false},"excerpt":{"rendered":"<p>Andreu sam upoznala preko LinkedIn-a, kada se javila i podelila da imamo neka sli\u010dna iskustva i pri\u010de ulaska u poslovni svet sa jako malo godina. Kao neko ko je i sam hteo da se bavi HRom, pa \u010dak i do skoro, volim da mislim da je Andrea ko bih i ja sama bila da sam&#8230;<\/p>","protected":false},"author":3,"featured_media":325206,"comment_status":"","ping_status":"closed","sticky":false,"template":"","format":"standard","meta":{"footnotes":""},"categories":[665],"tags":[],"class_list":["post-518748","post","type-post","status-publish","format-standard","has-post-thumbnail","hentry","category-mladi-profesionalci"],"_links":{"self":[{"href":"https:\/\/podcast.rs\/en\/wp-json\/wp\/v2\/posts\/518748","targetHints":{"allow":["GET"]}}],"collection":[{"href":"https:\/\/podcast.rs\/en\/wp-json\/wp\/v2\/posts"}],"about":[{"href":"https:\/\/podcast.rs\/en\/wp-json\/wp\/v2\/types\/post"}],"author":[{"embeddable":true,"href":"https:\/\/podcast.rs\/en\/wp-json\/wp\/v2\/users\/3"}],"replies":[{"embeddable":true,"href":"https:\/\/podcast.rs\/en\/wp-json\/wp\/v2\/comments?post=518748"}],"version-history":[{"count":0,"href":"https:\/\/podcast.rs\/en\/wp-json\/wp\/v2\/posts\/518748\/revisions"}],"wp:featuredmedia":[{"embeddable":true,"href":"https:\/\/podcast.rs\/en\/wp-json\/wp\/v2\/media\/325206"}],"wp:attachment":[{"href":"https:\/\/podcast.rs\/en\/wp-json\/wp\/v2\/media?parent=518748"}],"wp:term":[{"taxonomy":"category","embeddable":true,"href":"https:\/\/podcast.rs\/en\/wp-json\/wp\/v2\/categories?post=518748"},{"taxonomy":"post_tag","embeddable":true,"href":"https:\/\/podcast.rs\/en\/wp-json\/wp\/v2\/tags?post=518748"}],"curies":[{"name":"wp","href":"https:\/\/api.w.org\/{rel}","templated":true}]}}