{"id":50501,"date":"2022-02-23T18:00:43","date_gmt":"2022-02-23T17:00:43","guid":{"rendered":"https:\/\/podcast.rs\/?p=50501"},"modified":"2022-02-23T20:24:07","modified_gmt":"2022-02-23T18:24:07","slug":"kultura-sjecanja-sta-je-stalag-iii-a-luckenwalde","status":"publish","type":"post","link":"https:\/\/podcast.rs\/en\/kultura-sjecanja-sta-je-stalag-iii-a-luckenwalde\/","title":{"rendered":"Kultura sje\u0107anja: \u0160ta je \u0160talag III A &#8211; Luckenwalde?"},"content":{"rendered":"<p>      \u0160talag je skra\u0107enica za ve\u0107e logore (Stammlager) gdje su se registrirali ratni zarobljenici u nacisti\u010dkoj Njema\u010dkoj, i odakle su onda kao prisilna radna snaga po potrebi bili raspore\u0111ivani. Jedan od prvih i najve\u0107ih logora bio je \u0160talag III A ju\u017eno od Berlina. Istorijom \u0160talaga se bavi jedna nevladina organizacija iz Potsdama u saradnji s grupom aktivista iz Novog sada, jer je kroz taj logor pro\u0161lo nekoliko hiljada zarobljenika s podru\u010dja tada\u0161nje Kraljevine Jugoslavije.<\/p>","protected":false},"excerpt":{"rendered":"<p>\u0160talag je skra\u0107enica za ve\u0107e logore (Stammlager) gdje su se registrirali ratni zarobljenici u nacisti\u010dkoj Njema\u010dkoj, i odakle su onda kao prisilna radna snaga po potrebi bili raspore\u0111ivani. Jedan od prvih i najve\u0107ih logora bio je \u0160talag III A ju\u017eno od Berlina. Istorijom \u0160talaga se bavi jedna nevladina organizacija iz Potsdama u saradnji s grupom&#8230;<\/p>","protected":false},"author":3,"featured_media":48737,"comment_status":"close","ping_status":"closed","sticky":false,"template":"","format":"audio","meta":{"footnotes":""},"categories":[183],"tags":[],"class_list":["post-50501","post","type-post","status-publish","format-audio","has-post-thumbnail","hentry","category-cosmo","post_format-post-format-audio"],"_links":{"self":[{"href":"https:\/\/podcast.rs\/en\/wp-json\/wp\/v2\/posts\/50501","targetHints":{"allow":["GET"]}}],"collection":[{"href":"https:\/\/podcast.rs\/en\/wp-json\/wp\/v2\/posts"}],"about":[{"href":"https:\/\/podcast.rs\/en\/wp-json\/wp\/v2\/types\/post"}],"author":[{"embeddable":true,"href":"https:\/\/podcast.rs\/en\/wp-json\/wp\/v2\/users\/3"}],"replies":[{"embeddable":true,"href":"https:\/\/podcast.rs\/en\/wp-json\/wp\/v2\/comments?post=50501"}],"version-history":[{"count":1,"href":"https:\/\/podcast.rs\/en\/wp-json\/wp\/v2\/posts\/50501\/revisions"}],"predecessor-version":[{"id":50502,"href":"https:\/\/podcast.rs\/en\/wp-json\/wp\/v2\/posts\/50501\/revisions\/50502"}],"wp:featuredmedia":[{"embeddable":true,"href":"https:\/\/podcast.rs\/en\/wp-json\/wp\/v2\/media\/48737"}],"wp:attachment":[{"href":"https:\/\/podcast.rs\/en\/wp-json\/wp\/v2\/media?parent=50501"}],"wp:term":[{"taxonomy":"category","embeddable":true,"href":"https:\/\/podcast.rs\/en\/wp-json\/wp\/v2\/categories?post=50501"},{"taxonomy":"post_tag","embeddable":true,"href":"https:\/\/podcast.rs\/en\/wp-json\/wp\/v2\/tags?post=50501"}],"curies":[{"name":"wp","href":"https:\/\/api.w.org\/{rel}","templated":true}]}}