{"id":48827,"date":"2022-01-09T01:47:32","date_gmt":"2022-01-09T00:47:32","guid":{"rendered":"https:\/\/podcast.rs\/?p=48827"},"modified":"2022-01-10T14:43:39","modified_gmt":"2022-01-10T12:43:39","slug":"nemanja-djordjevic-slikar-edukator-preduzetnik-i-aktivista-fusnota-podkast-01","status":"publish","type":"post","link":"https:\/\/podcast.rs\/en\/nemanja-djordjevic-slikar-edukator-preduzetnik-i-aktivista-fusnota-podkast-01\/","title":{"rendered":"Nemanja \u0110or\u0111evi\u0107 &#8211; slikar,  edukator,  preduzetnik i aktivista &#8211; Fusnota podkast 01"},"content":{"rendered":"<p>\u017delim otvoreno da pri\u010dam o neromantizovanom CV-ju. Rekao mi je kada smo priprema. Tako je i bilo. Zato sam sigurna da \u017eelite da \u010dujete Nemanju \u0110or\u0111evi\u0107a.<br \/>\nOn je momak izvrsne biografije i jo\u0161 bogatijeg unutra\u0161njeg sveta: master slikarstva, rukovodilac seminara matematike i me\u0111unarodnih programa u Istra\u017eiva\u010dkoj stanici Petnica, koordinator programa beogradskog Festivala nauke i No\u0107i istra\u017eiva\u010da, autor Parka nauke na Adi Ciganliji (prvog takvog u Srbiji) i interaktivne stalne nau\u010dne postavke u Muzeju nauke i tehnike u Beogradu, savetnika ministra prosvete zadu\u017een za inovacije, direktor Centra za promociju nauke (tokom njegovog mandata otvoreni u 13 gradova \u0161irom Srbije koji rade i danas), osniva\u010d Legal Tech startapa koji se bavio razvojem softvera za notarizaciju dokumenta na daljinu, rukovodilac programima Inicijative Digitalna Srbija u oblasti neformalnog i formalnog obrazovanja (najzaslu\u017eniji za pokretanje \u0161est multidisciplinarnih programa Master 4.0 na doma\u0107im fakultetima) i od pre pola godine osniva\u010d kompanije koja pravi IoT proizvode namenjenim da pomognu industriji ku\u0107nih ljubimaca. I jo\u0161 svira gitaru, u\u010di Morzeovu azbuku, istr\u010dao je svoj prvi polumaraton u 37. godini&#8230;<br \/>\nOvde \u0107u stati sa faktografijom, jer njome se nismo bavili. Usredsredili smo se na proces mi\u0161ljenja, razgovarali o kontinuiranom u\u010denju i sazrevanju, o izborima i dono\u0161enju va\u017enih odluka, o slobodi, o u\u017eivanju u procesu stvaranja vi\u0161e nego u krajnjem proizvodu, o timskom radu i komunikaciji u interdisciplinarnim timovima, o najve\u0107oj gre\u0161ci u karijeri, o ulasku u preduzetni\u0161tvo nakon rada u javnom sektoru i privredi, o svesnoj odluci da radi posao od koga je emotivno distanciran&#8230;<\/p>\n<p>Teme u ovoj epizodi:<br \/>\n00:00 &#8211; Uvod<br \/>\n01:23 &#8211; Ko je zapravo Nemanja \u0110or\u0111evi\u0107?<br \/>\n02:16 &#8211; Otkud interesovanje za slikarstvo?<br \/>\n08:11 &#8211; Prvi posao i rad u Istra\u017eiva\u010dkoj stanici Petnica<br \/>\n13:16 &#8211; Koliko je trajao proces ru\u0161enja iluzija u obrazovanju?<br \/>\n16:23 &#8211; Definicija slobode<br \/>\n19:25 &#8211; Da li bi Nemanja ponovio svoje projekte kao \u0161to su Nau\u010dni park na Adi Ciganliji, Interaktivna izlo\u017eba u Muzeju nauke i tehnike u Beogradu i druge?<br \/>\n22:10 &#8211; Nesigurni u sebe rade vi\u0161e od ostalih<br \/>\n25:28 &#8211; Kako ostati na pravom putu?<br \/>\n28:00 &#8211; Aktivista koji \u017eeli da menja svet<br \/>\n34:38 &#8211; Rad u organizaciji Inicijativa Digitalna Srbija<br \/>\n42:56 &#8211; Kako Nemanja bira svoj slede\u0107i korak i ulazak u preduznetni\u010dke vode?<br \/>\n56:02 &#8211; Koji je bio pogre\u0161an korak iz neromantizovane biografije?<br \/>\n1:00:17 &#8211; Uticaj muzike i tr\u010danja <\/p>\n<p>MECENA PODKASTA &#8211; PR\u017dIONI\u010cAR KAFA<br \/>\nMe\u0161avina odabranih zrna Arabike i Robuste koja te vodi u avanturu aroma i jedinstvenog ukusa. Zanatski pe\u010denu Pr\u017eioni\u010dar kafu mo\u017eete da kupite u svim Idea Urban prodavnicama, Merkator hipermarketima i Roda megamarketima. Saznajte vi\u0161e na njihovom Instagram profilu  https:\/\/www.instagram.com\/przionicar.kafa\/<\/p>\n<p>AMIKO PODKASTA &#8211; KROJA\u010cEVA \u0160KOLA<br \/>\nKroja\u010deva \u0161kola je provereno udobno i sigurno online mesto za multipotencijaliste, ljude kojima je znanje strast, za one koji streme promeni karijere i li\u010dnom razvoju. Kvalitetni online kursevi koji ostaju trajno dostupni, stru\u010dnjaci sa iskustvom u transferu znanja i 100% video lekcije. Uz promo kod FUSNOTA imate 20% popusta na sve kurseve.<br \/>\nhttps:\/\/www.krojacevaskola.com\/ <\/p>\n<p>&#8212;&#8212;&#8212;&#8212;-<br \/>\n\u0160ta je *fusnota i kako mo\u017eete da podr\u017eite podkast<\/p>\n<blockquote class=\"wp-embedded-content\" data-secret=\"7ecOiUzJ7s\"><p><a href=\"https:\/\/alex5rovski.com\/podkast-fusnota-najava\/\">Novo poglavlje &#8211; Fusnota podkast<\/a><\/p><\/blockquote>\n<p><iframe class=\"wp-embedded-content\" sandbox=\"allow-scripts\" security=\"restricted\" style=\"position: absolute; clip: rect(1px, 1px, 1px, 1px);\" title=\"&#132;Novo poglavlje &#8211; Fusnota podkast&#147; &#8212; Aleksandra Petrovski\" src=\"https:\/\/alex5rovski.com\/podkast-fusnota-najava\/embed\/#?secret=7ecOiUzJ7s\" data-secret=\"7ecOiUzJ7s\" width=\"600\" height=\"338\" frameborder=\"0\" marginwidth=\"0\" marginheight=\"0\" scrolling=\"no\"><\/iframe><\/p>\n<p>Pridru\u017ei se kru\u017eoku Multipotencijalisti<br \/>\nhttps:\/\/www.facebook.com\/groups\/multipotencijalisti<\/p>\n<p>Prati Alex na Instagramu<br \/>\nhttps:\/\/www.instagram.com\/alex5rovski<\/p>\n<p>Slu\u0161aj *fusnota podkast na svojoj omiljenoj audio platformi:<br \/>\nSoundCloud https:\/\/soundcloud.com\/fusnotapodkast<br \/>\nSpotify https:\/\/spoti.fi\/3pooHsN<br \/>\nDeezer https:\/\/www.deezer.com\/en\/show\/3258372<br \/>\nGoogle Podcasts https:\/\/bit.ly\/3Ha2aWQ<br \/>\nApple Podcasts https:\/\/podcasts.apple.com\/rs\/podcast\/fusnota\/<\/p>\n<p>\u2014\u2014<\/p>\n<p>Alex nosi majicu PrinKu<br \/>\nhttps:\/\/www.instagram.com\/prin.ku\/<\/p>","protected":false},"excerpt":{"rendered":"<p>\u017delim otvoreno da pri\u010dam o neromantizovanom CV-ju. Rekao mi je kada smo priprema. Tako je i bilo. Zato sam sigurna da \u017eelite da \u010dujete Nemanju \u0110or\u0111evi\u0107a. On je momak izvrsne biografije i jo\u0161 bogatijeg unutra\u0161njeg sveta: master slikarstva, rukovodilac seminara matematike i me\u0111unarodnih programa u Istra\u017eiva\u010dkoj stanici Petnica, koordinator programa beogradskog Festivala nauke i No\u0107i&#8230;<\/p>","protected":false},"author":3,"featured_media":48826,"comment_status":"close","ping_status":"closed","sticky":false,"template":"","format":"audio","meta":{"footnotes":""},"categories":[367],"tags":[],"class_list":["post-48827","post","type-post","status-publish","format-audio","has-post-thumbnail","hentry","category-fusnota","post_format-post-format-audio"],"_links":{"self":[{"href":"https:\/\/podcast.rs\/en\/wp-json\/wp\/v2\/posts\/48827","targetHints":{"allow":["GET"]}}],"collection":[{"href":"https:\/\/podcast.rs\/en\/wp-json\/wp\/v2\/posts"}],"about":[{"href":"https:\/\/podcast.rs\/en\/wp-json\/wp\/v2\/types\/post"}],"author":[{"embeddable":true,"href":"https:\/\/podcast.rs\/en\/wp-json\/wp\/v2\/users\/3"}],"replies":[{"embeddable":true,"href":"https:\/\/podcast.rs\/en\/wp-json\/wp\/v2\/comments?post=48827"}],"version-history":[{"count":0,"href":"https:\/\/podcast.rs\/en\/wp-json\/wp\/v2\/posts\/48827\/revisions"}],"wp:featuredmedia":[{"embeddable":true,"href":"https:\/\/podcast.rs\/en\/wp-json\/wp\/v2\/media\/48826"}],"wp:attachment":[{"href":"https:\/\/podcast.rs\/en\/wp-json\/wp\/v2\/media?parent=48827"}],"wp:term":[{"taxonomy":"category","embeddable":true,"href":"https:\/\/podcast.rs\/en\/wp-json\/wp\/v2\/categories?post=48827"},{"taxonomy":"post_tag","embeddable":true,"href":"https:\/\/podcast.rs\/en\/wp-json\/wp\/v2\/tags?post=48827"}],"curies":[{"name":"wp","href":"https:\/\/api.w.org\/{rel}","templated":true}]}}