{"id":48072,"date":"2021-12-18T21:39:27","date_gmt":"2021-12-18T20:39:27","guid":{"rendered":"https:\/\/podcast.rs\/?p=48072"},"modified":"2021-12-18T23:58:46","modified_gmt":"2021-12-18T21:58:46","slug":"epizoda-15-dr-sanja-popovic-pantic-predsednica-upz-srbije","status":"publish","type":"post","link":"https:\/\/podcast.rs\/en\/epizoda-15-dr-sanja-popovic-pantic-predsednica-upz-srbije\/","title":{"rendered":"Epizoda #15 Dr Sanja Popovi\u0107 Panti\u0107, predsednica UP\u017d Srbije"},"content":{"rendered":"<p>Dana\u0161nja sagovornica je dr Sanja Popovi\u0107 Panti\u0107, predsednica Udru\u017eenja poslovnih \u017eena Srbije, prve organizacije posve\u0107ene podr\u0161ci, promociji i razvoju \u017eenskog preduzetni\u0161tva kod nas koju \u010dini 300 \u010dlanica i 900 u pro\u0161irenom \u010dlanstvu, preko partnerskih udru\u017eenja u \u010dijem je stvaranju UP\u017d Srbije u\u010destvovalo. Doktor ekonomskih nauka, doajen i vode\u0107i nacionalni konsultant u oblasti \u017eenskog preduzetni\u0161tva, stru\u010dnjak za pitanja inovacija u malim i srednjim preduze\u0107ima, od 2015. predsedavaju\u0107a Sektorske grupe za \u017eensko preduzetni\u0161tvo u okviru Evropske mre\u017ee preduzetni\u0161tva, nau\u010dni saradnik u Institutu \u201eMihajlo Pupin\u201c, konsultant na mnogim nacionalnim i me\u0111unarodnim projektima, od toga preko 150 realizovanih u okviru UP\u017d Srbije, autorka velikog broja nau\u010dnih i stru\u010dnih radova i tri knjige, dobitnica brojnih nagrada, me\u0111u kojima i one presti\u017ene, Alijanse \u017eena sa sedi\u0161tem u Va\u0161ingtonu, kojom je svrstana me\u0111u 100 odabranih u svetu koji se godi\u0161nje nagra\u0111uju za izuzetan doprinos ekonomskom osna\u017eivanju \u017eena<\/p>\n<p>O 23 godine na \u010delu Udru\u017eenja poslovnih \u017eena Srbije \u201ekoje su proletele\u201c, a svaka je nosila novi izazov.<\/p>\n<p>O \u017eenskom preduzetni\u0161tvu koje se za sve te godine razvijalo i danas vi\u0161e nije socijalna, ve\u0107 razvojna ekonomska kategorija.<\/p>\n<p>O osnivanju Udru\u017eenja uo\u010di bombardovanja, \u201ezbiru uspona i padova\u201c u razvoju \u017eenskog preduzetni\u0161tva, periodima optimizma, rasta, kriza i napretka koji se smenjuju.<\/p>\n<p>O snovima koji su se menjali tokom \u0161kolovanja, od mladala\u010dkih o pozivu profesorke srpskog, do studija ekonomije i marketinga kroz koji je na neki na\u010din \u201ei\u017eivela te davna\u0161nje snove\u201c.<\/p>\n<p>O po\u010decima Udru\u017eenja, prvom projektu i u\u010desnicama, po\u010detnicama u biznisu, izme\u0111u ostalog \u017eenama izbeglicama iz biv\u0161e Jugoslavije, od kojih je svaka pri\u010dala svoju emotivnu i potresnu pri\u010du, \u0161to je u njoj podstaklo \u017eelju da podr\u017ei \u017eene generalno i oda priznanje velikoj snazi koju pokazuju.<\/p>\n<p>O umre\u017eavanju \u017eena sa ex Yu prostora, potrebi da se stvore nove veze, preduzetnicama koje pre svega prepoznaju jedna kod druge preduzetni\u010dki poriv koji ve\u0107ina ljudi nema.<\/p>\n<p>O privilegiji da radi i sara\u0111uje upravo sa preduzetnicama, jer je to grupa koja se me\u0111usobno podr\u017eava, razume i dru\u017ei, \u0161to je uvek u funkciji daljeg razvoja, i li\u010dnog i poslovnog.<\/p>\n<p>O dobroj energiji koju Udru\u017eenje deli, \u0161to je verovatno razlog da je tako dugotrajno i moderno re\u010deno odr\u017eivo, i sa i bez projekata.<\/p>\n<p>O Cvetu uspeha za \u017eenu zmaja, koji je na neki na\u010din kruna rada Udru\u017eenja ve\u0107 15 godina, \u017eelji da se po\u0161alje poruka i mla\u0111im generacijama kroz primere dobre prakse.<\/p>\n<p>O \u0107erkama koje su rasle sa Udru\u017eenjem i volele da budu od malene deo svega, uklju\u010divale se u razne aktivnosti a i danas ga podr\u017eavaju.<\/p>\n<p>O Me\u0111unarodnom danu devoj\u010dica u IKT-u, devoj\u010dicama koje u\u010de da budu samostalne, upoznaju se sa preduzetnicama, preduzetni\u0161tvom, savremenim tehnologijama.<\/p>\n<p>O ose\u0107aju privilegovanosti jer je okru\u017eena \u017eenama koje su borci, interakciji sa onima koje \u010da\u0161u gledaju kao polupunu a ne polupraznu.<\/p>\n<p>Jo\u0161 mnogo divnih podsticajnih i toplih pri\u010da, uz poruku da je sve mogu\u0107e i da je \u201esamo nebo granica\u201c.<\/p>","protected":false},"excerpt":{"rendered":"<p>Dana\u0161nja sagovornica je dr Sanja Popovi\u0107 Panti\u0107, predsednica Udru\u017eenja poslovnih \u017eena Srbije, prve organizacije posve\u0107ene podr\u0161ci, promociji i razvoju \u017eenskog preduzetni\u0161tva kod nas koju \u010dini 300 \u010dlanica i 900 u pro\u0161irenom \u010dlanstvu, preko partnerskih udru\u017eenja u \u010dijem je stvaranju UP\u017d Srbije u\u010destvovalo. Doktor ekonomskih nauka, doajen i vode\u0107i nacionalni konsultant u oblasti \u017eenskog preduzetni\u0161tva, stru\u010dnjak&#8230;<\/p>","protected":false},"author":3,"featured_media":43877,"comment_status":"close","ping_status":"closed","sticky":false,"template":"","format":"audio","meta":{"footnotes":""},"categories":[337],"tags":[],"class_list":["post-48072","post","type-post","status-publish","format-audio","has-post-thumbnail","hentry","category-upsz","post_format-post-format-audio"],"_links":{"self":[{"href":"https:\/\/podcast.rs\/en\/wp-json\/wp\/v2\/posts\/48072","targetHints":{"allow":["GET"]}}],"collection":[{"href":"https:\/\/podcast.rs\/en\/wp-json\/wp\/v2\/posts"}],"about":[{"href":"https:\/\/podcast.rs\/en\/wp-json\/wp\/v2\/types\/post"}],"author":[{"embeddable":true,"href":"https:\/\/podcast.rs\/en\/wp-json\/wp\/v2\/users\/3"}],"replies":[{"embeddable":true,"href":"https:\/\/podcast.rs\/en\/wp-json\/wp\/v2\/comments?post=48072"}],"version-history":[{"count":0,"href":"https:\/\/podcast.rs\/en\/wp-json\/wp\/v2\/posts\/48072\/revisions"}],"wp:featuredmedia":[{"embeddable":true,"href":"https:\/\/podcast.rs\/en\/wp-json\/wp\/v2\/media\/43877"}],"wp:attachment":[{"href":"https:\/\/podcast.rs\/en\/wp-json\/wp\/v2\/media?parent=48072"}],"wp:term":[{"taxonomy":"category","embeddable":true,"href":"https:\/\/podcast.rs\/en\/wp-json\/wp\/v2\/categories?post=48072"},{"taxonomy":"post_tag","embeddable":true,"href":"https:\/\/podcast.rs\/en\/wp-json\/wp\/v2\/tags?post=48072"}],"curies":[{"name":"wp","href":"https:\/\/api.w.org\/{rel}","templated":true}]}}