{"id":47782,"date":"2021-12-10T20:00:30","date_gmt":"2021-12-10T19:00:30","guid":{"rendered":"https:\/\/podcast.rs\/?p=47782"},"modified":"2021-12-10T21:51:50","modified_gmt":"2021-12-10T19:51:50","slug":"sesta-licna-razlaz-u-indijani-sprema-se-sezona-trejdova-s4-n10","status":"publish","type":"post","link":"https:\/\/podcast.rs\/en\/sesta-licna-razlaz-u-indijani-sprema-se-sezona-trejdova-s4-n10\/","title":{"rendered":"\u0160ESTA LI\u010cNA: Razlaz u Indijani, sprema se sezona trejdova! | S4 N10"},"content":{"rendered":"<p>Pro\u0161la su skoro dva meseca od povratka NBA lige, i o \u010demu se ve\u0107 pri\u010da? Normalno, o trejdovima! Kao i obi\u010dno, Edin i Milo\u0161 su tu da poku\u0161aju da vam analiziraju ko \u0107e gde&#8230;ili barem naslute.<\/p>\n<p>Kao bomba je odjeknula vest od pre neki dan da Indijana Pejsersi razmatraju da \u201erazmontiraju\u201c trenutni kadar i krenu ispo\u010detka. Odmah je po\u010delo da se licitira sa statusom Karisa Leverta i jednog od dva startna \u201evisoka\u201c, Majlsa Tarnera i Domantasa Sabonisa. Prema poslednjim vestima, Tarner je taj koji je bli\u017ei odlasku, ali vide\u0107emo \u0161ta nosi dan a \u0161ta no\u0107. Svakako, mo\u017eda malo i \u010dudan potez, pogotovo kada se uzme u obzir da je letos doveden Rik Karlajl, ne ba\u0161 standardni trener za ovakve situacije.<\/p>\n<p>Ponovo se usijala situacija i vezana za Bena Simonsa. Dok se kazne zbog odsustva ni\u017eu, timovi redovno zovu Derila Morija da \u201epitaju za zdravlje\u201c australijskog ko\u0161arka\u0161a koji konstantno prijavljuje psihoemotivne probleme zbog kojih ne mo\u017ee da igra. Da se Golden Stejt interesuje za njegove usluge, to ve\u0107 znamo, ali sada su se prijavili i Portland i Dalas. Mo\u017eda neko od njih zagrize?<\/p>\n<p>Kad smo kod Portlanda, i njima se izgleda sme\u0161i \u201edetonacija\u201c. Nil Ol\u0161i je, kao \u0161to smo najavili, sad i zvani\u010dno biv\u0161i, a odmah se oglasio i \u2013 ko bi drugi \u2013 Dejm Lilard. Nakon \u0161to je u javnost \u201eprocureo\u201c njegov zahtev da na leto klub dopi\u0161e jo\u0161 dve godine ugovora i stotinak miliona, Lilard je po\u010deo da pri\u010da i o tome kako bi rado menjao sredinu. Naravno, prvo se spominju Lejkersi, ali mo\u017eda tu bude i nekakvih obrta&#8230;tr\u017ei\u0161te svakako ne miruje!<\/p>\n<p>\u0160to se pregleda lige ti\u010de, tu su stvari relativno standardne. Bruklin i dalje vlada istokom, dok se \u010cikago mu\u010di sa pozitivnim korona testovima. Milvoki se primakao i u dobroj su formi, dok Majami i Va\u0161ington blago padaju.<\/p>\n<p>Filadelfija \u010deka to re\u0161enje Simons situacije, Klivlend tako\u0111e \u201eboluje\u201c, a Atlanta, \u0160arlot i Boston se rvu za ta plej-in mesta. Njujork polako posustaje, Toronto tako\u0111e, a Indijana&#8230;pa da vidimo prvo \u0161ta \u0107e uprave odlu\u010diti. Na dnu su sada ve\u0107 standardno Orlando i Detroit, a kako se zapadni \u201ecirkus\u201c uozbiljio, mo\u017ee se re\u0107i da je Detroit sad ne\u0161to ozbiljnije istakao kandidaturu za najgori tim lige.<\/p>\n<p>Zapad i dalje gleda trku u dvoje u vrhu \u2013 Golden Stejt i Finiks se smenjuju u vo\u0111stvu zavisno od dana i sata. Juta vreba, Memfis je u odli\u010dnoj formi, a Klipersi i Lejkersi igraju toplo-hladno. Mada, Lejkersi se polako di\u017eu \u2013 \u010dak je i Lebron D\u017eejms nedavno rekao da izgledaju odli\u010dno, pa se tu ne\u0161to vi\u0161e i mo\u017ee o\u010dekivati.<\/p>\n<p>U Dalasu je trenutno tema broj jedan kila\u017ea Luke Don\u010di\u0107a (\u0161to i on sam priznaje), ali ekipa se \u201emota\u201c tu negde od 5. do 8. mesta. Denver zavisi samo i isklju\u010divo od raspolo\u017eenja Nikole Joki\u0107a, dok Minesota i Sakramento (koji ne igra lo\u0161e otkako je Volton izjahao iz grada) pa\u017eljivo grade svoju poziciju za napad za plej-in. Portland je pao, a Sparsi su i dalje tu negde \u2013 ali gle, sad je tu i Hjuston, koji je niz od 16 poraza ispratio nizom od sedam pobeda!<\/p>\n<p>Na dnu su sada Oklahoma i Nju Orleans \u2013 ovim prvima je to gotovo u opisu radnog mesta, dok ovi drugi, pa, broje sate i minute do povratka Zajona Vilijamsona, koji je nedavno izmerio \u201esto\u0161eset\u2019\u201c kila \u017eive vage. E, to obe\u0107ava spektakl!<\/p>\n<p>U\u017eivajte u podkastu, pa se vidimo u utorak kad nas \u010dekaju nove ABA zanimacije!<\/p>","protected":false},"excerpt":{"rendered":"<p>Pro\u0161la su skoro dva meseca od povratka NBA lige, i o \u010demu se ve\u0107 pri\u010da? Normalno, o trejdovima! Kao i obi\u010dno, Edin i Milo\u0161 su tu da poku\u0161aju da vam analiziraju ko \u0107e gde&#8230;ili barem naslute. Kao bomba je odjeknula vest od pre neki dan da Indijana Pejsersi razmatraju da \u201erazmontiraju\u201c trenutni kadar i krenu&#8230;<\/p>","protected":false},"author":3,"featured_media":25637,"comment_status":"open","ping_status":"closed","sticky":false,"template":"","format":"audio","meta":{"footnotes":""},"categories":[203],"tags":[],"class_list":["post-47782","post","type-post","status-publish","format-audio","has-post-thumbnail","hentry","category-sesta-licna","post_format-post-format-audio"],"_links":{"self":[{"href":"https:\/\/podcast.rs\/en\/wp-json\/wp\/v2\/posts\/47782","targetHints":{"allow":["GET"]}}],"collection":[{"href":"https:\/\/podcast.rs\/en\/wp-json\/wp\/v2\/posts"}],"about":[{"href":"https:\/\/podcast.rs\/en\/wp-json\/wp\/v2\/types\/post"}],"author":[{"embeddable":true,"href":"https:\/\/podcast.rs\/en\/wp-json\/wp\/v2\/users\/3"}],"replies":[{"embeddable":true,"href":"https:\/\/podcast.rs\/en\/wp-json\/wp\/v2\/comments?post=47782"}],"version-history":[{"count":0,"href":"https:\/\/podcast.rs\/en\/wp-json\/wp\/v2\/posts\/47782\/revisions"}],"wp:featuredmedia":[{"embeddable":true,"href":"https:\/\/podcast.rs\/en\/wp-json\/wp\/v2\/media\/25637"}],"wp:attachment":[{"href":"https:\/\/podcast.rs\/en\/wp-json\/wp\/v2\/media?parent=47782"}],"wp:term":[{"taxonomy":"category","embeddable":true,"href":"https:\/\/podcast.rs\/en\/wp-json\/wp\/v2\/categories?post=47782"},{"taxonomy":"post_tag","embeddable":true,"href":"https:\/\/podcast.rs\/en\/wp-json\/wp\/v2\/tags?post=47782"}],"curies":[{"name":"wp","href":"https:\/\/api.w.org\/{rel}","templated":true}]}}