{"id":473231,"date":"2025-10-07T19:00:00","date_gmt":"2025-10-07T17:00:00","guid":{"rendered":"https:\/\/podcast.rs\/tetke-s06e01-gosca-ivana-rakas-monika-reljic\/"},"modified":"2025-10-07T19:00:00","modified_gmt":"2025-10-07T17:00:00","slug":"tetke-s06e01-gosca-ivana-rakas-monika-reljic","status":"publish","type":"post","link":"https:\/\/podcast.rs\/en\/tetke-s06e01-gosca-ivana-rakas-monika-reljic\/","title":{"rendered":"TETKE \u2013 S06E01 \/ Go\u0161\u0107a: Ivana Rakas (Monika Relji\u0107)"},"content":{"rendered":"<p>Prva go\u0161\u0107a nove sezone \u2013 prva dama Vra\u010dara, antiinfluenserka i tviter legenda, Ivana Rakas a.k.a. Monika Relji\u0107.<\/p>\n<p>\ud83d\udcb9 Podr\u017eite nas na <a href=\"https:\/\/patreon.com\/TetkePodkast\" target=\"_blank\" rel=\"ugc noopener noreferrer\">patreonu<\/a>.<br \/>\ud83d\uddbc\ufe0f Prijatelj emisije: <a href=\"https:\/\/www.instagram.com\/viewpoint_galerija\" target=\"_blank\" rel=\"ugc noopener noreferrer\">Viewpoint galerija<\/a><br \/>\ud83c\udfa8 Dizajn \u0161pice: <a href=\"https:\/\/www.instagram.com\/vladimir.bmp\" target=\"_blank\" rel=\"ugc noopener noreferrer\">Vladimir Pavlovi\u0107<\/a><br \/>\ud83c\udf99\ufe0f Voditeljke: <a href=\"https:\/\/www.instagram.com\/alexisplastic\" target=\"_blank\" rel=\"ugc noopener noreferrer\">Alexis Plastic<\/a> \/ <a href=\"https:\/\/www.instagram.com\/vojinovic.jpg\" target=\"_blank\" rel=\"ugc noopener noreferrer\">Goran<\/a> \/ <a href=\"https:\/\/www.instagram.com\/meeyodrag\" target=\"_blank\" rel=\"ugc noopener noreferrer\">Meeyodrag<\/a><\/p>\n<p>\ud83d\udedc Zapratite Tetke na <a href=\"https:\/\/www.instagram.com\/tetkepodkast\" target=\"_blank\" rel=\"ugc noopener noreferrer\">instagramu <\/a>i <a href=\"https:\/\/x.com\/tetkepodkast\" target=\"_blank\" rel=\"ugc noopener noreferrer\">tviteru<\/a>.<\/p>","protected":false},"excerpt":{"rendered":"<p>Prva go\u0161\u0107a nove sezone \u2013 prva dama Vra\u010dara, antiinfluenserka i tviter legenda, Ivana Rakas a.k.a. Monika Relji\u0107. \ud83d\udcb9 Podr\u017eite nas na patreonu.\ud83d\uddbc\ufe0f Prijatelj emisije: Viewpoint galerija\ud83c\udfa8 Dizajn \u0161pice: Vladimir Pavlovi\u0107\ud83c\udf99\ufe0f Voditeljke: Alexis Plastic \/ Goran \/ Meeyodrag \ud83d\udedc Zapratite Tetke na instagramu i tviteru.<\/p>","protected":false},"author":6,"featured_media":145892,"comment_status":"","ping_status":"closed","sticky":false,"template":"","format":"standard","meta":{"footnotes":""},"categories":[645],"tags":[],"class_list":["post-473231","post","type-post","status-publish","format-standard","has-post-thumbnail","hentry","category-tetke"],"_links":{"self":[{"href":"https:\/\/podcast.rs\/en\/wp-json\/wp\/v2\/posts\/473231","targetHints":{"allow":["GET"]}}],"collection":[{"href":"https:\/\/podcast.rs\/en\/wp-json\/wp\/v2\/posts"}],"about":[{"href":"https:\/\/podcast.rs\/en\/wp-json\/wp\/v2\/types\/post"}],"author":[{"embeddable":true,"href":"https:\/\/podcast.rs\/en\/wp-json\/wp\/v2\/users\/6"}],"replies":[{"embeddable":true,"href":"https:\/\/podcast.rs\/en\/wp-json\/wp\/v2\/comments?post=473231"}],"version-history":[{"count":0,"href":"https:\/\/podcast.rs\/en\/wp-json\/wp\/v2\/posts\/473231\/revisions"}],"wp:featuredmedia":[{"embeddable":true,"href":"https:\/\/podcast.rs\/en\/wp-json\/wp\/v2\/media\/145892"}],"wp:attachment":[{"href":"https:\/\/podcast.rs\/en\/wp-json\/wp\/v2\/media?parent=473231"}],"wp:term":[{"taxonomy":"category","embeddable":true,"href":"https:\/\/podcast.rs\/en\/wp-json\/wp\/v2\/categories?post=473231"},{"taxonomy":"post_tag","embeddable":true,"href":"https:\/\/podcast.rs\/en\/wp-json\/wp\/v2\/tags?post=473231"}],"curies":[{"name":"wp","href":"https:\/\/api.w.org\/{rel}","templated":true}]}}